{"id":40137,"date":"2026-09-02T16:04:46","date_gmt":"2026-09-02T14:04:46","guid":{"rendered":"https:\/\/vedruna.org\/fraternite-priere-partage-et-espoir-renouvele-lors-de-la-celebration-des-veuves\/"},"modified":"2026-09-02T16:20:50","modified_gmt":"2026-09-02T14:20:50","slug":"fraternite-priere-partage-et-espoir-renouvele-lors-de-la-celebration-des-veuves","status":"publish","type":"post","link":"https:\/\/vedruna.org\/fr\/fraternite-priere-partage-et-espoir-renouvele-lors-de-la-celebration-des-veuves\/","title":{"rendered":"Fraternit\u00e9, pri\u00e8re, partage et espoir renouvel\u00e9 lors de la c\u00e9l\u00e9bration des veuves"},"content":{"rendered":"\n<p class=\"wp-block-paragraph\">Dans le cadre de la c\u00e9l\u00e9bration de notre bicentenaire, nous avons souhait\u00e9 rendre hommage et c\u00e9l\u00e9brer la vie, la dignit\u00e9 et la force des veuves au sein de notre soci\u00e9t\u00e9.  <\/p>\n\n<p class=\"wp-block-paragraph\">Ce programme s&rsquo;est d\u00e9roul\u00e9 dans une atmosph\u00e8re de grande joie et d&rsquo;enthousiasme, r\u00e9unissant des veuves des villages environnants. Ce fut un moment de fraternit\u00e9, de pri\u00e8re, de partage et d&rsquo;espoir renouvel\u00e9. Cette c\u00e9l\u00e9bration a rappel\u00e9 \u00e0 toutes que le veuvage n&rsquo;est pas la fin du parcours de chacun, mais qu&rsquo;il peut devenir un nouveau d\u00e9part, empreint de courage, de dignit\u00e9 et de sens.  <\/p>\n\n<p class=\"wp-block-paragraph\">Nous avons commenc\u00e9 la rencontre en retra\u00e7ant la vie de sainte Joaquina \u00e0 l&rsquo;aide d&rsquo;une pr\u00e9sentation PowerPoint, gr\u00e2ce \u00e0 laquelle nous avons pr\u00e9sent\u00e9 sainte Joaquina \u00e0 nos participantes.  <\/p>\n\n<p class=\"wp-block-paragraph\">Nous avons poursuivi notre c\u00e9l\u00e9bration par une messe solennelle, au cours de laquelle la statue de sainte Joaquina a \u00e9t\u00e9 port\u00e9e en signe de hommage \u00e0 la fondatrice qui a entam\u00e9 son parcours avec foi, courage et confiance en Dieu. Derri\u00e8re elle, quatre femmes portaient des bougies allum\u00e9es. Chaque bougie repr\u00e9sentait l\u2019un des continents o\u00f9 la mission de la Congr\u00e9gation s\u2019est \u00e9tendue, et illustrait la mani\u00e8re dont la lumi\u00e8re et l\u2019esprit re\u00e7us de sainte Joaquina continuent d\u2019\u00eatre transmis d\u2019un continent \u00e0 l\u2019autre.  <\/p>\n\n<p class=\"wp-block-paragraph\">Ce symbolisme exprime magnifiquement le fait qu\u2019une petite flamme d\u2019amour g\u00e9n\u00e9reux peut devenir une lumi\u00e8re pour le monde entier. La vision de sainte Joaquina, n\u00e9e dans un petit village, a d\u00e9pass\u00e9 les fronti\u00e8res et continue de toucher des vies \u00e0 travers l\u2019\u00e9ducation, les soins de sant\u00e9, la pastorale, l\u2019aide aux plus d\u00e9munis et le service aux femmes et aux enfants. <\/p>\n\n<p class=\"wp-block-paragraph\">La journ\u00e9e s&rsquo;est achev\u00e9e par une action de gr\u00e2ce adress\u00e9e \u00e0 Dieu pour le don de sainte Joaquina, pour les deux cents ans de mission de la Congr\u00e9gation, et tout particuli\u00e8rement pour le don que repr\u00e9sente chaque veuve qui continue \u00e0 cheminer avec courage et foi.<\/p>\n\n<p class=\"has-text-align-right wp-block-paragraph\"><strong>Communaut\u00e9 d&rsquo;Unai<\/strong><\/p>\n<div class=\"pgc-sgb-cb wp-block-pgcsimplygalleryblock-justified \" data-gallery-id=\"21078705\"><div class=\"sgb-preloader\" id=\"pr_21078705\">\n\t<div class=\"sgb-square\" style=\"background:#d4d4d4\"><\/div>\n\t<div class=\"sgb-square\" style=\"background:#d4d4d4\"><\/div>\n\t<div class=\"sgb-square\" style=\"background:#d4d4d4\"><\/div>\n\t<div class=\"sgb-square\" style=\"background:#d4d4d4\"><\/div><\/div><div class=\"simply-gallery-amp pgc_sgb_slider \"><noscript><div class=\"sgb-gallery\"><div class=\"sgb-item\"><a href=\"https:\/\/vedruna.org\/en\/widows-day_5\/\" target=\"_blank\"><img decoding=\"async\" alt=\"\" width=\"300\" height=\"225\" loading=\"lazy\" src=\"https:\/\/vedruna.org\/wp-content\/uploads\/2026\/09\/widows-day_5-300x225.jpeg\" srcset=\"https:\/\/vedruna.org\/wp-content\/uploads\/2026\/09\/widows-day_5-300x225.jpeg 300w,https:\/\/vedruna.org\/wp-content\/uploads\/2026\/09\/widows-day_5-1024x768.jpeg 1024w,https:\/\/vedruna.org\/wp-content\/uploads\/2026\/09\/widows-day_5.jpeg 1600w\" sizes=\"250px\"\/><\/a><\/div><div class=\"sgb-item\"><a href=\"https:\/\/vedruna.org\/en\/widows-day_4\/\" target=\"_blank\"><img decoding=\"async\" alt=\"\" width=\"300\" height=\"225\" loading=\"lazy\" src=\"https:\/\/vedruna.org\/wp-content\/uploads\/2026\/09\/widows-day_4-300x225.jpeg\" srcset=\"https:\/\/vedruna.org\/wp-content\/uploads\/2026\/09\/widows-day_4-300x225.jpeg 300w,https:\/\/vedruna.org\/wp-content\/uploads\/2026\/09\/widows-day_4-1024x768.jpeg 1024w,https:\/\/vedruna.org\/wp-content\/uploads\/2026\/09\/widows-day_4.jpeg 1600w\" sizes=\"250px\"\/><\/a><\/div><div class=\"sgb-item\"><a href=\"https:\/\/vedruna.org\/en\/widows-day_3\/\" target=\"_blank\"><img decoding=\"async\" alt=\"\" width=\"300\" height=\"137\" loading=\"lazy\" src=\"https:\/\/vedruna.org\/wp-content\/uploads\/2026\/09\/widows-day_3-300x137.jpeg\" srcset=\"https:\/\/vedruna.org\/wp-content\/uploads\/2026\/09\/widows-day_3-300x137.jpeg 300w,https:\/\/vedruna.org\/wp-content\/uploads\/2026\/09\/widows-day_3-1024x469.jpeg 1024w,https:\/\/vedruna.org\/wp-content\/uploads\/2026\/09\/widows-day_3.jpeg 1040w\" sizes=\"250px\"\/><\/a><\/div><div class=\"sgb-item\"><a href=\"https:\/\/vedruna.org\/en\/widows-day_2\/\" target=\"_blank\"><img decoding=\"async\" alt=\"\" width=\"300\" height=\"137\" loading=\"lazy\" src=\"https:\/\/vedruna.org\/wp-content\/uploads\/2026\/09\/widows-day_2-300x137.jpeg\" srcset=\"https:\/\/vedruna.org\/wp-content\/uploads\/2026\/09\/widows-day_2-300x137.jpeg 300w,https:\/\/vedruna.org\/wp-content\/uploads\/2026\/09\/widows-day_2-1024x469.jpeg 1024w,https:\/\/vedruna.org\/wp-content\/uploads\/2026\/09\/widows-day_2.jpeg 1040w\" sizes=\"250px\"\/><\/a><\/div><\/div><\/noscript><\/div><script type=\"application\/json\" class=\"sgb-data\">{\"lastRowFill\":true,\"externalLink\":false,\"captions\":false,\"collectionThumbSubMenuDownload\":false,\"collectionThumbSubMenuShare\":false,\"galleryType\":\"pgc_sgb_justified\",\"galleryId\":\"21078705\",\"images\":[{\"id\":40119,\"title\":\"widows-day_5\",\"url\":\"https:\/\/vedruna.org\/wp-content\/uploads\/2026\/09\/widows-day_5.jpeg\",\"link\":\"https:\/\/vedruna.org\/en\/widows-day_5\/\",\"alt\":\"\",\"description\":\"\",\"caption\":\"\",\"mime\":\"image\/jpeg\",\"type\":\"image\",\"width\":1600,\"height\":1200,\"sizes\":{\"thumbnail\":{\"height\":150,\"width\":150,\"url\":\"https:\/\/vedruna.org\/wp-content\/uploads\/2026\/09\/widows-day_5-150x150.jpeg\",\"orientation\":\"landscape\"},\"medium\":{\"height\":225,\"width\":300,\"url\":\"https:\/\/vedruna.org\/wp-content\/uploads\/2026\/09\/widows-day_5-300x225.jpeg\",\"orientation\":\"landscape\"},\"large\":{\"height\":768,\"width\":1024,\"url\":\"https:\/\/vedruna.org\/wp-content\/uploads\/2026\/09\/widows-day_5-1024x768.jpeg\",\"orientation\":\"landscape\"},\"full\":{\"url\":\"https:\/\/vedruna.org\/wp-content\/uploads\/2026\/09\/widows-day_5.jpeg\",\"height\":1200,\"width\":1600,\"orientation\":\"landscape\"}},\"imageMeta\":{\"aperture\":\"0\",\"credit\":\"\",\"camera\":\"\",\"caption\":\"\",\"created_timestamp\":\"0\",\"copyright\":\"\",\"focal_length\":\"0\",\"iso\":\"0\",\"shutter_speed\":\"0\",\"title\":\"\",\"orientation\":\"0\",\"keywords\":[],\"alt\":\"\"},\"meta\":false,\"postlink\":\"https:\/\/vedruna.org\/en\/widows-day_5\/\"},{\"id\":40118,\"title\":\"widows-day_4\",\"url\":\"https:\/\/vedruna.org\/wp-content\/uploads\/2026\/09\/widows-day_4.jpeg\",\"link\":\"https:\/\/vedruna.org\/en\/widows-day_4\/\",\"alt\":\"\",\"description\":\"\",\"caption\":\"\",\"mime\":\"image\/jpeg\",\"type\":\"image\",\"width\":1600,\"height\":1200,\"sizes\":{\"thumbnail\":{\"height\":150,\"width\":150,\"url\":\"https:\/\/vedruna.org\/wp-content\/uploads\/2026\/09\/widows-day_4-150x150.jpeg\",\"orientation\":\"landscape\"},\"medium\":{\"height\":225,\"width\":300,\"url\":\"https:\/\/vedruna.org\/wp-content\/uploads\/2026\/09\/widows-day_4-300x225.jpeg\",\"orientation\":\"landscape\"},\"large\":{\"height\":768,\"width\":1024,\"url\":\"https:\/\/vedruna.org\/wp-content\/uploads\/2026\/09\/widows-day_4-1024x768.jpeg\",\"orientation\":\"landscape\"},\"full\":{\"url\":\"https:\/\/vedruna.org\/wp-content\/uploads\/2026\/09\/widows-day_4.jpeg\",\"height\":1200,\"width\":1600,\"orientation\":\"landscape\"}},\"imageMeta\":{\"aperture\":\"0\",\"credit\":\"\",\"camera\":\"\",\"caption\":\"\",\"created_timestamp\":\"0\",\"copyright\":\"\",\"focal_length\":\"0\",\"iso\":\"0\",\"shutter_speed\":\"0\",\"title\":\"\",\"orientation\":\"0\",\"keywords\":[],\"alt\":\"\"},\"meta\":false,\"postlink\":\"https:\/\/vedruna.org\/en\/widows-day_4\/\"},{\"id\":40117,\"title\":\"widows-day_3\",\"url\":\"https:\/\/vedruna.org\/wp-content\/uploads\/2026\/09\/widows-day_3.jpeg\",\"link\":\"https:\/\/vedruna.org\/en\/widows-day_3\/\",\"alt\":\"\",\"description\":\"\",\"caption\":\"\",\"mime\":\"image\/jpeg\",\"type\":\"image\",\"width\":1040,\"height\":476,\"sizes\":{\"thumbnail\":{\"height\":150,\"width\":150,\"url\":\"https:\/\/vedruna.org\/wp-content\/uploads\/2026\/09\/widows-day_3-150x150.jpeg\",\"orientation\":\"landscape\"},\"medium\":{\"height\":137,\"width\":300,\"url\":\"https:\/\/vedruna.org\/wp-content\/uploads\/2026\/09\/widows-day_3-300x137.jpeg\",\"orientation\":\"landscape\"},\"large\":{\"height\":469,\"width\":1024,\"url\":\"https:\/\/vedruna.org\/wp-content\/uploads\/2026\/09\/widows-day_3-1024x469.jpeg\",\"orientation\":\"landscape\"},\"full\":{\"url\":\"https:\/\/vedruna.org\/wp-content\/uploads\/2026\/09\/widows-day_3.jpeg\",\"height\":476,\"width\":1040,\"orientation\":\"landscape\"}},\"imageMeta\":{\"aperture\":\"0\",\"credit\":\"\",\"camera\":\"\",\"caption\":\"\",\"created_timestamp\":\"0\",\"copyright\":\"\",\"focal_length\":\"0\",\"iso\":\"0\",\"shutter_speed\":\"0\",\"title\":\"\",\"orientation\":\"0\",\"keywords\":[],\"alt\":\"\"},\"meta\":false,\"postlink\":\"https:\/\/vedruna.org\/en\/widows-day_3\/\"},{\"id\":40116,\"title\":\"widows-day_2\",\"url\":\"https:\/\/vedruna.org\/wp-content\/uploads\/2026\/09\/widows-day_2.jpeg\",\"link\":\"https:\/\/vedruna.org\/en\/widows-day_2\/\",\"alt\":\"\",\"description\":\"\",\"caption\":\"\",\"mime\":\"image\/jpeg\",\"type\":\"image\",\"width\":1040,\"height\":476,\"sizes\":{\"thumbnail\":{\"height\":150,\"width\":150,\"url\":\"https:\/\/vedruna.org\/wp-content\/uploads\/2026\/09\/widows-day_2-150x150.jpeg\",\"orientation\":\"landscape\"},\"medium\":{\"height\":137,\"width\":300,\"url\":\"https:\/\/vedruna.org\/wp-content\/uploads\/2026\/09\/widows-day_2-300x137.jpeg\",\"orientation\":\"landscape\"},\"large\":{\"height\":469,\"width\":1024,\"url\":\"https:\/\/vedruna.org\/wp-content\/uploads\/2026\/09\/widows-day_2-1024x469.jpeg\",\"orientation\":\"landscape\"},\"full\":{\"url\":\"https:\/\/vedruna.org\/wp-content\/uploads\/2026\/09\/widows-day_2.jpeg\",\"height\":476,\"width\":1040,\"orientation\":\"landscape\"}},\"imageMeta\":{\"aperture\":\"0\",\"credit\":\"\",\"camera\":\"\",\"caption\":\"\",\"created_timestamp\":\"0\",\"copyright\":\"\",\"focal_length\":\"0\",\"iso\":\"0\",\"shutter_speed\":\"0\",\"title\":\"\",\"orientation\":\"0\",\"keywords\":[],\"alt\":\"\"},\"meta\":false,\"postlink\":\"https:\/\/vedruna.org\/en\/widows-day_2\/\"}],\"useClobalSettings\":true,\"shareFacebook\":false,\"shareTwitter\":false,\"sharePinterest\":false,\"sliderItemDownload\":false,\"shareCopyLink\":false,\"sliderItemCounterEnable\":false,\"sliderItemTitleFontSize\":20,\"sliderSlideshow\":false,\"sliderSocialShareEnabled\":false,\"sliderZoomEnable\":false,\"translatedWithWPMLTM\":\"1\",\"itemsMetaDataCollection\":[]}<\/script><script>(function(){if(window.PGC_SGB && window.PGC_SGB.searcher){window.PGC_SGB.searcher.initBlocks()}})()<\/script><\/div>","protected":false},"excerpt":{"rendered":"<p>Dans le cadre de la c\u00e9l\u00e9bration de notre bicentenaire, nous avons souhait\u00e9 rendre hommage et c\u00e9l\u00e9brer la vie, la dignit\u00e9 et la force des veuves au sein de notre soci\u00e9t\u00e9. Ce programme s&rsquo;est d\u00e9roul\u00e9 dans une atmosph\u00e8re de grande joie et d&rsquo;enthousiasme, r\u00e9unissant des veuves des villages environnants. Ce fut un moment de fraternit\u00e9, de [&hellip;]<\/p>\n","protected":false},"author":21,"featured_media":40134,"comment_status":"closed","ping_status":"closed","sticky":false,"template":"","format":"standard","meta":{"_et_pb_use_builder":"","_et_pb_old_content":"","_et_gb_content_width":"","pgc_sgb_lightbox_settings":"","footnotes":""},"categories":[557,571,284],"tags":[],"class_list":["post-40137","post","type-post","status-publish","format-standard","has-post-thumbnail","hentry","category-bicentenaire-inde","category-bicentenaire-inde-2","category-province-de-linde"],"yoast_head":"<!-- This site is optimized with the Yoast SEO plugin v28.4 - https:\/\/yoast.com\/product\/yoast-seo-wordpress\/ -->\n<title>Fraternit\u00e9, pri\u00e8re, partage et espoir renouvel\u00e9 lors de la c\u00e9l\u00e9bration des veuves - Carmelitas de la Caridad Vedruna<\/title>\n<meta name=\"description\" content=\"Dans le cadre de notre c\u00e9l\u00e9bration du bicentenaire, nous avons souhait\u00e9 rendre hommage \u00e0 la vie, \u00e0 la dignit\u00e9 et \u00e0 la force des veuves au sein de notre soci\u00e9t\u00e9, et les mettre \u00e0 l&#039;honneur.\" \/>\n<meta name=\"robots\" content=\"index, follow, max-snippet:-1, max-image-preview:large, max-video-preview:-1\" \/>\n<link rel=\"canonical\" href=\"https:\/\/vedruna.org\/fr\/fraternite-priere-partage-et-espoir-renouvele-lors-de-la-celebration-des-veuves\/\" \/>\n<meta property=\"og:locale\" content=\"fr_FR\" \/>\n<meta property=\"og:type\" content=\"article\" \/>\n<meta property=\"og:title\" content=\"Fraternit\u00e9, pri\u00e8re, partage et espoir renouvel\u00e9 lors de la c\u00e9l\u00e9bration des veuves - Carmelitas de la Caridad Vedruna\" \/>\n<meta property=\"og:description\" content=\"Dans le cadre de notre c\u00e9l\u00e9bration du bicentenaire, nous avons souhait\u00e9 rendre hommage \u00e0 la vie, \u00e0 la dignit\u00e9 et \u00e0 la force des veuves au sein de notre soci\u00e9t\u00e9, et les mettre \u00e0 l&#039;honneur.\" \/>\n<meta property=\"og:url\" content=\"https:\/\/vedruna.org\/fr\/fraternite-priere-partage-et-espoir-renouvele-lors-de-la-celebration-des-veuves\/\" \/>\n<meta property=\"og:site_name\" content=\"Carmelitas de la Caridad Vedruna\" \/>\n<meta property=\"article:published_time\" content=\"2026-09-02T14:04:46+00:00\" \/>\n<meta property=\"article:modified_time\" content=\"2026-09-02T14:20:50+00:00\" \/>\n<meta property=\"og:image\" content=\"https:\/\/vedruna.org\/wp-content\/uploads\/2026\/09\/widows-day_4.jpeg\" \/>\n\t<meta property=\"og:image:width\" content=\"1600\" \/>\n\t<meta property=\"og:image:height\" content=\"1200\" \/>\n\t<meta property=\"og:image:type\" content=\"image\/jpeg\" \/>\n<meta name=\"author\" content=\"Maria Agustina G\u00f3mez\" \/>\n<meta name=\"twitter:card\" content=\"summary_large_image\" \/>\n<meta name=\"twitter:label1\" content=\"\u00c9crit par\" \/>\n\t<meta name=\"twitter:data1\" content=\"Maria Agustina G\u00f3mez\" \/>\n\t<meta name=\"twitter:label2\" content=\"Dur\u00e9e de lecture estim\u00e9e\" \/>\n\t<meta name=\"twitter:data2\" content=\"2 minutes\" \/>\n<script type=\"application\/ld+json\" class=\"yoast-schema-graph\">{\"@context\":\"https:\\\/\\\/schema.org\",\"@graph\":[{\"@type\":\"Article\",\"@id\":\"https:\\\/\\\/vedruna.org\\\/fr\\\/fraternite-priere-partage-et-espoir-renouvele-lors-de-la-celebration-des-veuves\\\/#article\",\"isPartOf\":{\"@id\":\"https:\\\/\\\/vedruna.org\\\/fr\\\/fraternite-priere-partage-et-espoir-renouvele-lors-de-la-celebration-des-veuves\\\/\"},\"author\":{\"name\":\"Maria Agustina G\u00f3mez\",\"@id\":\"https:\\\/\\\/vedruna.org\\\/fr\\\/#\\\/schema\\\/person\\\/95fe789adf27c2831fc5a049c727edf5\"},\"headline\":\"Fraternit\u00e9, pri\u00e8re, partage et espoir renouvel\u00e9 lors de la c\u00e9l\u00e9bration des veuves\",\"datePublished\":\"2026-09-02T14:04:46+00:00\",\"dateModified\":\"2026-09-02T14:20:50+00:00\",\"mainEntityOfPage\":{\"@id\":\"https:\\\/\\\/vedruna.org\\\/fr\\\/fraternite-priere-partage-et-espoir-renouvele-lors-de-la-celebration-des-veuves\\\/\"},\"wordCount\":376,\"publisher\":{\"@id\":\"https:\\\/\\\/vedruna.org\\\/fr\\\/#organization\"},\"image\":{\"@id\":\"https:\\\/\\\/vedruna.org\\\/fr\\\/fraternite-priere-partage-et-espoir-renouvele-lors-de-la-celebration-des-veuves\\\/#primaryimage\"},\"thumbnailUrl\":\"https:\\\/\\\/vedruna.org\\\/wp-content\\\/uploads\\\/2026\\\/09\\\/widows-day_4.jpeg\",\"articleSection\":[\"Bicentenaire Inde\",\"Bicentenaire Inde\",\"Province de l'Inde\"],\"inLanguage\":\"fr-FR\"},{\"@type\":\"WebPage\",\"@id\":\"https:\\\/\\\/vedruna.org\\\/fr\\\/fraternite-priere-partage-et-espoir-renouvele-lors-de-la-celebration-des-veuves\\\/\",\"url\":\"https:\\\/\\\/vedruna.org\\\/fr\\\/fraternite-priere-partage-et-espoir-renouvele-lors-de-la-celebration-des-veuves\\\/\",\"name\":\"Fraternit\u00e9, pri\u00e8re, partage et espoir renouvel\u00e9 lors de la c\u00e9l\u00e9bration des veuves - Carmelitas de la Caridad Vedruna\",\"isPartOf\":{\"@id\":\"https:\\\/\\\/vedruna.org\\\/fr\\\/#website\"},\"primaryImageOfPage\":{\"@id\":\"https:\\\/\\\/vedruna.org\\\/fr\\\/fraternite-priere-partage-et-espoir-renouvele-lors-de-la-celebration-des-veuves\\\/#primaryimage\"},\"image\":{\"@id\":\"https:\\\/\\\/vedruna.org\\\/fr\\\/fraternite-priere-partage-et-espoir-renouvele-lors-de-la-celebration-des-veuves\\\/#primaryimage\"},\"thumbnailUrl\":\"https:\\\/\\\/vedruna.org\\\/wp-content\\\/uploads\\\/2026\\\/09\\\/widows-day_4.jpeg\",\"datePublished\":\"2026-09-02T14:04:46+00:00\",\"dateModified\":\"2026-09-02T14:20:50+00:00\",\"description\":\"Dans le cadre de notre c\u00e9l\u00e9bration du bicentenaire, nous avons souhait\u00e9 rendre hommage \u00e0 la vie, \u00e0 la dignit\u00e9 et \u00e0 la force des veuves au sein de notre soci\u00e9t\u00e9, et les mettre \u00e0 l'honneur.\",\"breadcrumb\":{\"@id\":\"https:\\\/\\\/vedruna.org\\\/fr\\\/fraternite-priere-partage-et-espoir-renouvele-lors-de-la-celebration-des-veuves\\\/#breadcrumb\"},\"inLanguage\":\"fr-FR\",\"potentialAction\":[{\"@type\":\"ReadAction\",\"target\":[\"https:\\\/\\\/vedruna.org\\\/fr\\\/fraternite-priere-partage-et-espoir-renouvele-lors-de-la-celebration-des-veuves\\\/\"]}]},{\"@type\":\"ImageObject\",\"inLanguage\":\"fr-FR\",\"@id\":\"https:\\\/\\\/vedruna.org\\\/fr\\\/fraternite-priere-partage-et-espoir-renouvele-lors-de-la-celebration-des-veuves\\\/#primaryimage\",\"url\":\"https:\\\/\\\/vedruna.org\\\/wp-content\\\/uploads\\\/2026\\\/09\\\/widows-day_4.jpeg\",\"contentUrl\":\"https:\\\/\\\/vedruna.org\\\/wp-content\\\/uploads\\\/2026\\\/09\\\/widows-day_4.jpeg\",\"width\":1600,\"height\":1200},{\"@type\":\"BreadcrumbList\",\"@id\":\"https:\\\/\\\/vedruna.org\\\/fr\\\/fraternite-priere-partage-et-espoir-renouvele-lors-de-la-celebration-des-veuves\\\/#breadcrumb\",\"itemListElement\":[{\"@type\":\"ListItem\",\"position\":1,\"name\":\"Portada\",\"item\":\"https:\\\/\\\/vedruna.org\\\/fr\\\/\"},{\"@type\":\"ListItem\",\"position\":2,\"name\":\"Fraternit\u00e9, pri\u00e8re, partage et espoir renouvel\u00e9 lors de la c\u00e9l\u00e9bration des veuves\"}]},{\"@type\":\"WebSite\",\"@id\":\"https:\\\/\\\/vedruna.org\\\/fr\\\/#website\",\"url\":\"https:\\\/\\\/vedruna.org\\\/fr\\\/\",\"name\":\"Carmelitas de la Caridad Vedruna\",\"description\":\"Carmelitas de la caridad\",\"publisher\":{\"@id\":\"https:\\\/\\\/vedruna.org\\\/fr\\\/#organization\"},\"potentialAction\":[{\"@type\":\"SearchAction\",\"target\":{\"@type\":\"EntryPoint\",\"urlTemplate\":\"https:\\\/\\\/vedruna.org\\\/fr\\\/?s={search_term_string}\"},\"query-input\":{\"@type\":\"PropertyValueSpecification\",\"valueRequired\":true,\"valueName\":\"search_term_string\"}}],\"inLanguage\":\"fr-FR\"},{\"@type\":\"Organization\",\"@id\":\"https:\\\/\\\/vedruna.org\\\/fr\\\/#organization\",\"name\":\"Carmelitas de la caridad Vedruna\",\"url\":\"https:\\\/\\\/vedruna.org\\\/fr\\\/\",\"logo\":{\"@type\":\"ImageObject\",\"inLanguage\":\"fr-FR\",\"@id\":\"https:\\\/\\\/vedruna.org\\\/fr\\\/#\\\/schema\\\/logo\\\/image\\\/\",\"url\":\"https:\\\/\\\/vedruna.org\\\/wp-content\\\/uploads\\\/2022\\\/04\\\/LOGO-VEDRUNA-HORIZONTAL.png\",\"contentUrl\":\"https:\\\/\\\/vedruna.org\\\/wp-content\\\/uploads\\\/2022\\\/04\\\/LOGO-VEDRUNA-HORIZONTAL.png\",\"width\":1200,\"height\":463,\"caption\":\"Carmelitas de la caridad Vedruna\"},\"image\":{\"@id\":\"https:\\\/\\\/vedruna.org\\\/fr\\\/#\\\/schema\\\/logo\\\/image\\\/\"}},{\"@type\":\"Person\",\"@id\":\"https:\\\/\\\/vedruna.org\\\/fr\\\/#\\\/schema\\\/person\\\/95fe789adf27c2831fc5a049c727edf5\",\"name\":\"Maria Agustina G\u00f3mez\",\"image\":{\"@type\":\"ImageObject\",\"inLanguage\":\"fr-FR\",\"@id\":\"https:\\\/\\\/secure.gravatar.com\\\/avatar\\\/8af3ece86571c098b978434bbc43b948c403c1ae191f09a04e94f916638ceb2c?s=96&d=mm&r=g\",\"url\":\"https:\\\/\\\/secure.gravatar.com\\\/avatar\\\/8af3ece86571c098b978434bbc43b948c403c1ae191f09a04e94f916638ceb2c?s=96&d=mm&r=g\",\"contentUrl\":\"https:\\\/\\\/secure.gravatar.com\\\/avatar\\\/8af3ece86571c098b978434bbc43b948c403c1ae191f09a04e94f916638ceb2c?s=96&d=mm&r=g\",\"caption\":\"Maria Agustina G\u00f3mez\"},\"url\":\"https:\\\/\\\/vedruna.org\\\/fr\\\/author\\\/agustina-gomez\\\/\"}]}<\/script>\n<!-- \/ Yoast SEO plugin. -->","yoast_head_json":{"title":"Fraternit\u00e9, pri\u00e8re, partage et espoir renouvel\u00e9 lors de la c\u00e9l\u00e9bration des veuves - Carmelitas de la Caridad Vedruna","description":"Dans le cadre de notre c\u00e9l\u00e9bration du bicentenaire, nous avons souhait\u00e9 rendre hommage \u00e0 la vie, \u00e0 la dignit\u00e9 et \u00e0 la force des veuves au sein de notre soci\u00e9t\u00e9, et les mettre \u00e0 l'honneur.","robots":{"index":"index","follow":"follow","max-snippet":"max-snippet:-1","max-image-preview":"max-image-preview:large","max-video-preview":"max-video-preview:-1"},"canonical":"https:\/\/vedruna.org\/fr\/fraternite-priere-partage-et-espoir-renouvele-lors-de-la-celebration-des-veuves\/","og_locale":"fr_FR","og_type":"article","og_title":"Fraternit\u00e9, pri\u00e8re, partage et espoir renouvel\u00e9 lors de la c\u00e9l\u00e9bration des veuves - Carmelitas de la Caridad Vedruna","og_description":"Dans le cadre de notre c\u00e9l\u00e9bration du bicentenaire, nous avons souhait\u00e9 rendre hommage \u00e0 la vie, \u00e0 la dignit\u00e9 et \u00e0 la force des veuves au sein de notre soci\u00e9t\u00e9, et les mettre \u00e0 l'honneur.","og_url":"https:\/\/vedruna.org\/fr\/fraternite-priere-partage-et-espoir-renouvele-lors-de-la-celebration-des-veuves\/","og_site_name":"Carmelitas de la Caridad Vedruna","article_published_time":"2026-09-02T14:04:46+00:00","article_modified_time":"2026-09-02T14:20:50+00:00","og_image":[{"width":1600,"height":1200,"url":"https:\/\/vedruna.org\/wp-content\/uploads\/2026\/09\/widows-day_4.jpeg","type":"image\/jpeg"}],"author":"Maria Agustina G\u00f3mez","twitter_card":"summary_large_image","twitter_misc":{"\u00c9crit par":"Maria Agustina G\u00f3mez","Dur\u00e9e de lecture estim\u00e9e":"2 minutes"},"schema":{"@context":"https:\/\/schema.org","@graph":[{"@type":"Article","@id":"https:\/\/vedruna.org\/fr\/fraternite-priere-partage-et-espoir-renouvele-lors-de-la-celebration-des-veuves\/#article","isPartOf":{"@id":"https:\/\/vedruna.org\/fr\/fraternite-priere-partage-et-espoir-renouvele-lors-de-la-celebration-des-veuves\/"},"author":{"name":"Maria Agustina G\u00f3mez","@id":"https:\/\/vedruna.org\/fr\/#\/schema\/person\/95fe789adf27c2831fc5a049c727edf5"},"headline":"Fraternit\u00e9, pri\u00e8re, partage et espoir renouvel\u00e9 lors de la c\u00e9l\u00e9bration des veuves","datePublished":"2026-09-02T14:04:46+00:00","dateModified":"2026-09-02T14:20:50+00:00","mainEntityOfPage":{"@id":"https:\/\/vedruna.org\/fr\/fraternite-priere-partage-et-espoir-renouvele-lors-de-la-celebration-des-veuves\/"},"wordCount":376,"publisher":{"@id":"https:\/\/vedruna.org\/fr\/#organization"},"image":{"@id":"https:\/\/vedruna.org\/fr\/fraternite-priere-partage-et-espoir-renouvele-lors-de-la-celebration-des-veuves\/#primaryimage"},"thumbnailUrl":"https:\/\/vedruna.org\/wp-content\/uploads\/2026\/09\/widows-day_4.jpeg","articleSection":["Bicentenaire Inde","Bicentenaire Inde","Province de l'Inde"],"inLanguage":"fr-FR"},{"@type":"WebPage","@id":"https:\/\/vedruna.org\/fr\/fraternite-priere-partage-et-espoir-renouvele-lors-de-la-celebration-des-veuves\/","url":"https:\/\/vedruna.org\/fr\/fraternite-priere-partage-et-espoir-renouvele-lors-de-la-celebration-des-veuves\/","name":"Fraternit\u00e9, pri\u00e8re, partage et espoir renouvel\u00e9 lors de la c\u00e9l\u00e9bration des veuves - Carmelitas de la Caridad Vedruna","isPartOf":{"@id":"https:\/\/vedruna.org\/fr\/#website"},"primaryImageOfPage":{"@id":"https:\/\/vedruna.org\/fr\/fraternite-priere-partage-et-espoir-renouvele-lors-de-la-celebration-des-veuves\/#primaryimage"},"image":{"@id":"https:\/\/vedruna.org\/fr\/fraternite-priere-partage-et-espoir-renouvele-lors-de-la-celebration-des-veuves\/#primaryimage"},"thumbnailUrl":"https:\/\/vedruna.org\/wp-content\/uploads\/2026\/09\/widows-day_4.jpeg","datePublished":"2026-09-02T14:04:46+00:00","dateModified":"2026-09-02T14:20:50+00:00","description":"Dans le cadre de notre c\u00e9l\u00e9bration du bicentenaire, nous avons souhait\u00e9 rendre hommage \u00e0 la vie, \u00e0 la dignit\u00e9 et \u00e0 la force des veuves au sein de notre soci\u00e9t\u00e9, et les mettre \u00e0 l'honneur.","breadcrumb":{"@id":"https:\/\/vedruna.org\/fr\/fraternite-priere-partage-et-espoir-renouvele-lors-de-la-celebration-des-veuves\/#breadcrumb"},"inLanguage":"fr-FR","potentialAction":[{"@type":"ReadAction","target":["https:\/\/vedruna.org\/fr\/fraternite-priere-partage-et-espoir-renouvele-lors-de-la-celebration-des-veuves\/"]}]},{"@type":"ImageObject","inLanguage":"fr-FR","@id":"https:\/\/vedruna.org\/fr\/fraternite-priere-partage-et-espoir-renouvele-lors-de-la-celebration-des-veuves\/#primaryimage","url":"https:\/\/vedruna.org\/wp-content\/uploads\/2026\/09\/widows-day_4.jpeg","contentUrl":"https:\/\/vedruna.org\/wp-content\/uploads\/2026\/09\/widows-day_4.jpeg","width":1600,"height":1200},{"@type":"BreadcrumbList","@id":"https:\/\/vedruna.org\/fr\/fraternite-priere-partage-et-espoir-renouvele-lors-de-la-celebration-des-veuves\/#breadcrumb","itemListElement":[{"@type":"ListItem","position":1,"name":"Portada","item":"https:\/\/vedruna.org\/fr\/"},{"@type":"ListItem","position":2,"name":"Fraternit\u00e9, pri\u00e8re, partage et espoir renouvel\u00e9 lors de la c\u00e9l\u00e9bration des veuves"}]},{"@type":"WebSite","@id":"https:\/\/vedruna.org\/fr\/#website","url":"https:\/\/vedruna.org\/fr\/","name":"Carmelitas de la Caridad Vedruna","description":"Carmelitas de la caridad","publisher":{"@id":"https:\/\/vedruna.org\/fr\/#organization"},"potentialAction":[{"@type":"SearchAction","target":{"@type":"EntryPoint","urlTemplate":"https:\/\/vedruna.org\/fr\/?s={search_term_string}"},"query-input":{"@type":"PropertyValueSpecification","valueRequired":true,"valueName":"search_term_string"}}],"inLanguage":"fr-FR"},{"@type":"Organization","@id":"https:\/\/vedruna.org\/fr\/#organization","name":"Carmelitas de la caridad Vedruna","url":"https:\/\/vedruna.org\/fr\/","logo":{"@type":"ImageObject","inLanguage":"fr-FR","@id":"https:\/\/vedruna.org\/fr\/#\/schema\/logo\/image\/","url":"https:\/\/vedruna.org\/wp-content\/uploads\/2022\/04\/LOGO-VEDRUNA-HORIZONTAL.png","contentUrl":"https:\/\/vedruna.org\/wp-content\/uploads\/2022\/04\/LOGO-VEDRUNA-HORIZONTAL.png","width":1200,"height":463,"caption":"Carmelitas de la caridad Vedruna"},"image":{"@id":"https:\/\/vedruna.org\/fr\/#\/schema\/logo\/image\/"}},{"@type":"Person","@id":"https:\/\/vedruna.org\/fr\/#\/schema\/person\/95fe789adf27c2831fc5a049c727edf5","name":"Maria Agustina G\u00f3mez","image":{"@type":"ImageObject","inLanguage":"fr-FR","@id":"https:\/\/secure.gravatar.com\/avatar\/8af3ece86571c098b978434bbc43b948c403c1ae191f09a04e94f916638ceb2c?s=96&d=mm&r=g","url":"https:\/\/secure.gravatar.com\/avatar\/8af3ece86571c098b978434bbc43b948c403c1ae191f09a04e94f916638ceb2c?s=96&d=mm&r=g","contentUrl":"https:\/\/secure.gravatar.com\/avatar\/8af3ece86571c098b978434bbc43b948c403c1ae191f09a04e94f916638ceb2c?s=96&d=mm&r=g","caption":"Maria Agustina G\u00f3mez"},"url":"https:\/\/vedruna.org\/fr\/author\/agustina-gomez\/"}]}},"_links":{"self":[{"href":"https:\/\/vedruna.org\/fr\/wp-json\/wp\/v2\/posts\/40137","targetHints":{"allow":["GET"]}}],"collection":[{"href":"https:\/\/vedruna.org\/fr\/wp-json\/wp\/v2\/posts"}],"about":[{"href":"https:\/\/vedruna.org\/fr\/wp-json\/wp\/v2\/types\/post"}],"author":[{"embeddable":true,"href":"https:\/\/vedruna.org\/fr\/wp-json\/wp\/v2\/users\/21"}],"replies":[{"embeddable":true,"href":"https:\/\/vedruna.org\/fr\/wp-json\/wp\/v2\/comments?post=40137"}],"version-history":[{"count":1,"href":"https:\/\/vedruna.org\/fr\/wp-json\/wp\/v2\/posts\/40137\/revisions"}],"predecessor-version":[{"id":40138,"href":"https:\/\/vedruna.org\/fr\/wp-json\/wp\/v2\/posts\/40137\/revisions\/40138"}],"wp:featuredmedia":[{"embeddable":true,"href":"https:\/\/vedruna.org\/fr\/wp-json\/wp\/v2\/media\/40134"}],"wp:attachment":[{"href":"https:\/\/vedruna.org\/fr\/wp-json\/wp\/v2\/media?parent=40137"}],"wp:term":[{"taxonomy":"category","embeddable":true,"href":"https:\/\/vedruna.org\/fr\/wp-json\/wp\/v2\/categories?post=40137"},{"taxonomy":"post_tag","embeddable":true,"href":"https:\/\/vedruna.org\/fr\/wp-json\/wp\/v2\/tags?post=40137"}],"curies":[{"name":"wp","href":"https:\/\/api.w.org\/{rel}","templated":true}]}}