{"id":40220,"date":"2026-09-03T13:07:22","date_gmt":"2026-09-03T11:07:22","guid":{"rendered":"https:\/\/vedruna.org\/une-double-celebration-de-la-gratitude-a-adkur\/"},"modified":"2026-09-03T13:10:16","modified_gmt":"2026-09-03T11:10:16","slug":"une-double-celebration-de-la-gratitude-a-adkur","status":"publish","type":"post","link":"https:\/\/vedruna.org\/fr\/une-double-celebration-de-la-gratitude-a-adkur\/","title":{"rendered":"Une double c\u00e9l\u00e9bration de la gratitude \u00e0 Adkur"},"content":{"rendered":"\n<p class=\"wp-block-paragraph\">La communaut\u00e9 d&rsquo;Adkur a c\u00e9l\u00e9br\u00e9 un double \u00e9v\u00e9nement le 28 ao\u00fbt : le bicentenaire et les 50 ans de vie religieuse de S\u0153ur Carmen Borges, ccv. Au cours de la c\u00e9l\u00e9bration eucharistique, ils ont rendu gr\u00e2ce \u00e0 Dieu pour le don que repr\u00e9sente S\u0153ur Joaquina et son charisme pour l\u2019\u00c9glise, ainsi que pour les \u00ab ann\u00e9es d\u2019or \u00bb que S\u0153ur Carmen Borges a consacr\u00e9es \u00e0 la Province de l\u2019Inde.    <\/p>\n\n<p class=\"wp-block-paragraph\">Regardez l&rsquo;int\u00e9gralit\u00e9 de la c\u00e9r\u00e9monie :  <\/p>\n\n<div style=\"height:25px\" aria-hidden=\"true\" class=\"wp-block-spacer\"><\/div>\n\n<figure class=\"wp-block-embed is-type-video is-provider-youtube wp-block-embed-youtube wp-embed-aspect-16-9 wp-has-aspect-ratio\"><div class=\"wp-block-embed__wrapper\">\n<iframe loading=\"lazy\" title=\"Bicentenary celebration of Vedruna Congregation &amp; Golden Jubilee celebration of Sr. Carmen Borges\" width=\"1080\" height=\"608\" src=\"https:\/\/www.youtube.com\/embed\/DI0oPoL5ID8?feature=oembed\"  allow=\"accelerometer; autoplay; clipboard-write; encrypted-media; gyroscope; picture-in-picture; web-share\" referrerpolicy=\"strict-origin-when-cross-origin\" allowfullscreen><\/iframe>\n<\/div><\/figure>\n\n<div style=\"height:25px\" aria-hidden=\"true\" class=\"wp-block-spacer\"><\/div>\n<div class=\"pgc-sgb-cb wp-block-pgcsimplygalleryblock-justified \" data-gallery-id=\"68c39574\"><div class=\"sgb-preloader\" id=\"pr_68c39574\">\n\t<div class=\"sgb-square\" style=\"background:#d4d4d4\"><\/div>\n\t<div class=\"sgb-square\" style=\"background:#d4d4d4\"><\/div>\n\t<div class=\"sgb-square\" style=\"background:#d4d4d4\"><\/div>\n\t<div class=\"sgb-square\" style=\"background:#d4d4d4\"><\/div><\/div><div class=\"simply-gallery-amp pgc_sgb_slider \"><noscript><div class=\"sgb-gallery\"><div class=\"sgb-item\"><a href=\"https:\/\/vedruna.org\/en\/adkur-1\/\" target=\"_blank\"><img decoding=\"async\" alt=\"\" width=\"300\" height=\"225\" loading=\"lazy\" src=\"https:\/\/vedruna.org\/wp-content\/uploads\/2026\/09\/Adkur-1-300x225.jpg\" srcset=\"https:\/\/vedruna.org\/wp-content\/uploads\/2026\/09\/Adkur-1-300x225.jpg 300w,https:\/\/vedruna.org\/wp-content\/uploads\/2026\/09\/Adkur-1-1024x768.jpg 1024w,https:\/\/vedruna.org\/wp-content\/uploads\/2026\/09\/Adkur-1.jpg 1280w\" sizes=\"250px\"\/><\/a><\/div><div class=\"sgb-item\"><a href=\"https:\/\/vedruna.org\/en\/adkur_5\/\" target=\"_blank\"><img decoding=\"async\" alt=\"\" width=\"300\" height=\"225\" loading=\"lazy\" src=\"https:\/\/vedruna.org\/wp-content\/uploads\/2026\/09\/Adkur_5-300x225.jpg\" srcset=\"https:\/\/vedruna.org\/wp-content\/uploads\/2026\/09\/Adkur_5-300x225.jpg 300w,https:\/\/vedruna.org\/wp-content\/uploads\/2026\/09\/Adkur_5-1024x768.jpg 1024w,https:\/\/vedruna.org\/wp-content\/uploads\/2026\/09\/Adkur_5.jpg 1280w\" sizes=\"250px\"\/><\/a><\/div><div class=\"sgb-item\"><a href=\"https:\/\/vedruna.org\/en\/adkur_4-2\/\" target=\"_blank\"><img decoding=\"async\" alt=\"\" width=\"300\" height=\"169\" loading=\"lazy\" src=\"https:\/\/vedruna.org\/wp-content\/uploads\/2026\/09\/Adkur_4-300x169.jpg\" srcset=\"https:\/\/vedruna.org\/wp-content\/uploads\/2026\/09\/Adkur_4-300x169.jpg 300w,https:\/\/vedruna.org\/wp-content\/uploads\/2026\/09\/Adkur_4-1024x576.jpg 1024w,https:\/\/vedruna.org\/wp-content\/uploads\/2026\/09\/Adkur_4.jpg 1280w\" sizes=\"250px\"\/><\/a><\/div><div class=\"sgb-item\"><a href=\"https:\/\/vedruna.org\/en\/adkur_3\/\" target=\"_blank\"><img decoding=\"async\" alt=\"\" width=\"225\" height=\"300\" loading=\"lazy\" src=\"https:\/\/vedruna.org\/wp-content\/uploads\/2026\/09\/Adkur_3-225x300.jpg\" srcset=\"https:\/\/vedruna.org\/wp-content\/uploads\/2026\/09\/Adkur_3-225x300.jpg 225w,https:\/\/vedruna.org\/wp-content\/uploads\/2026\/09\/Adkur_3-768x1024.jpg 768w,https:\/\/vedruna.org\/wp-content\/uploads\/2026\/09\/Adkur_3.jpg 960w\" sizes=\"250px\"\/><\/a><\/div><div class=\"sgb-item\"><a href=\"https:\/\/vedruna.org\/en\/adkur_2-2\/\" target=\"_blank\"><img decoding=\"async\" alt=\"\" width=\"300\" height=\"225\" loading=\"lazy\" src=\"https:\/\/vedruna.org\/wp-content\/uploads\/2026\/09\/Adkur_2-300x225.jpg\" srcset=\"https:\/\/vedruna.org\/wp-content\/uploads\/2026\/09\/Adkur_2-300x225.jpg 300w,https:\/\/vedruna.org\/wp-content\/uploads\/2026\/09\/Adkur_2-1024x768.jpg 1024w,https:\/\/vedruna.org\/wp-content\/uploads\/2026\/09\/Adkur_2.jpg 1280w\" sizes=\"250px\"\/><\/a><\/div><\/div><\/noscript><\/div><script type=\"application\/json\" class=\"sgb-data\">{\"lastRowFill\":true,\"externalLink\":false,\"captions\":false,\"collectionThumbSubMenuDownload\":false,\"collectionThumbSubMenuShare\":false,\"galleryType\":\"pgc_sgb_justified\",\"galleryId\":\"68c39574\",\"images\":[{\"id\":40198,\"title\":\"Adkur-1\",\"url\":\"https:\/\/vedruna.org\/wp-content\/uploads\/2026\/09\/Adkur-1.jpg\",\"link\":\"https:\/\/vedruna.org\/en\/adkur-1\/\",\"alt\":\"\",\"description\":\"\",\"caption\":\"\",\"mime\":\"image\/jpeg\",\"type\":\"image\",\"width\":1280,\"height\":960,\"sizes\":{\"thumbnail\":{\"height\":150,\"width\":150,\"url\":\"https:\/\/vedruna.org\/wp-content\/uploads\/2026\/09\/Adkur-1-150x150.jpg\",\"orientation\":\"landscape\"},\"medium\":{\"height\":225,\"width\":300,\"url\":\"https:\/\/vedruna.org\/wp-content\/uploads\/2026\/09\/Adkur-1-300x225.jpg\",\"orientation\":\"landscape\"},\"large\":{\"height\":768,\"width\":1024,\"url\":\"https:\/\/vedruna.org\/wp-content\/uploads\/2026\/09\/Adkur-1-1024x768.jpg\",\"orientation\":\"landscape\"},\"full\":{\"url\":\"https:\/\/vedruna.org\/wp-content\/uploads\/2026\/09\/Adkur-1.jpg\",\"height\":960,\"width\":1280,\"orientation\":\"landscape\"}},\"imageMeta\":{\"aperture\":\"0\",\"credit\":\"\",\"camera\":\"\",\"caption\":\"\",\"created_timestamp\":\"0\",\"copyright\":\"\",\"focal_length\":\"0\",\"iso\":\"0\",\"shutter_speed\":\"0\",\"title\":\"\",\"orientation\":\"0\",\"keywords\":[],\"alt\":\"\"},\"meta\":false,\"postlink\":\"https:\/\/vedruna.org\/en\/adkur-1\/\"},{\"id\":40197,\"title\":\"Adkur_5\",\"url\":\"https:\/\/vedruna.org\/wp-content\/uploads\/2026\/09\/Adkur_5.jpg\",\"link\":\"https:\/\/vedruna.org\/en\/adkur_5\/\",\"alt\":\"\",\"description\":\"\",\"caption\":\"\",\"mime\":\"image\/jpeg\",\"type\":\"image\",\"width\":1280,\"height\":960,\"sizes\":{\"thumbnail\":{\"height\":150,\"width\":150,\"url\":\"https:\/\/vedruna.org\/wp-content\/uploads\/2026\/09\/Adkur_5-150x150.jpg\",\"orientation\":\"landscape\"},\"medium\":{\"height\":225,\"width\":300,\"url\":\"https:\/\/vedruna.org\/wp-content\/uploads\/2026\/09\/Adkur_5-300x225.jpg\",\"orientation\":\"landscape\"},\"large\":{\"height\":768,\"width\":1024,\"url\":\"https:\/\/vedruna.org\/wp-content\/uploads\/2026\/09\/Adkur_5-1024x768.jpg\",\"orientation\":\"landscape\"},\"full\":{\"url\":\"https:\/\/vedruna.org\/wp-content\/uploads\/2026\/09\/Adkur_5.jpg\",\"height\":960,\"width\":1280,\"orientation\":\"landscape\"}},\"imageMeta\":{\"aperture\":\"0\",\"credit\":\"\",\"camera\":\"\",\"caption\":\"\",\"created_timestamp\":\"0\",\"copyright\":\"\",\"focal_length\":\"0\",\"iso\":\"0\",\"shutter_speed\":\"0\",\"title\":\"\",\"orientation\":\"0\",\"keywords\":[],\"alt\":\"\"},\"meta\":false,\"postlink\":\"https:\/\/vedruna.org\/en\/adkur_5\/\"},{\"id\":40196,\"title\":\"Adkur_4\",\"url\":\"https:\/\/vedruna.org\/wp-content\/uploads\/2026\/09\/Adkur_4.jpg\",\"link\":\"https:\/\/vedruna.org\/en\/adkur_4-2\/\",\"alt\":\"\",\"description\":\"\",\"caption\":\"\",\"mime\":\"image\/jpeg\",\"type\":\"image\",\"width\":1280,\"height\":720,\"sizes\":{\"thumbnail\":{\"height\":150,\"width\":150,\"url\":\"https:\/\/vedruna.org\/wp-content\/uploads\/2026\/09\/Adkur_4-150x150.jpg\",\"orientation\":\"landscape\"},\"medium\":{\"height\":169,\"width\":300,\"url\":\"https:\/\/vedruna.org\/wp-content\/uploads\/2026\/09\/Adkur_4-300x169.jpg\",\"orientation\":\"landscape\"},\"large\":{\"height\":576,\"width\":1024,\"url\":\"https:\/\/vedruna.org\/wp-content\/uploads\/2026\/09\/Adkur_4-1024x576.jpg\",\"orientation\":\"landscape\"},\"full\":{\"url\":\"https:\/\/vedruna.org\/wp-content\/uploads\/2026\/09\/Adkur_4.jpg\",\"height\":720,\"width\":1280,\"orientation\":\"landscape\"}},\"imageMeta\":{\"aperture\":\"0\",\"credit\":\"\",\"camera\":\"\",\"caption\":\"\",\"created_timestamp\":\"0\",\"copyright\":\"\",\"focal_length\":\"0\",\"iso\":\"0\",\"shutter_speed\":\"0\",\"title\":\"\",\"orientation\":\"0\",\"keywords\":[],\"alt\":\"\"},\"meta\":false,\"postlink\":\"https:\/\/vedruna.org\/en\/adkur_4-2\/\"},{\"id\":40195,\"title\":\"Adkur_3\",\"url\":\"https:\/\/vedruna.org\/wp-content\/uploads\/2026\/09\/Adkur_3.jpg\",\"link\":\"https:\/\/vedruna.org\/en\/adkur_3\/\",\"alt\":\"\",\"description\":\"\",\"caption\":\"\",\"mime\":\"image\/jpeg\",\"type\":\"image\",\"width\":960,\"height\":1280,\"sizes\":{\"thumbnail\":{\"height\":150,\"width\":150,\"url\":\"https:\/\/vedruna.org\/wp-content\/uploads\/2026\/09\/Adkur_3-150x150.jpg\",\"orientation\":\"landscape\"},\"medium\":{\"height\":300,\"width\":225,\"url\":\"https:\/\/vedruna.org\/wp-content\/uploads\/2026\/09\/Adkur_3-225x300.jpg\",\"orientation\":\"portrait\"},\"large\":{\"height\":1024,\"width\":768,\"url\":\"https:\/\/vedruna.org\/wp-content\/uploads\/2026\/09\/Adkur_3-768x1024.jpg\",\"orientation\":\"portrait\"},\"full\":{\"url\":\"https:\/\/vedruna.org\/wp-content\/uploads\/2026\/09\/Adkur_3.jpg\",\"height\":1280,\"width\":960,\"orientation\":\"portrait\"}},\"imageMeta\":{\"aperture\":\"0\",\"credit\":\"\",\"camera\":\"\",\"caption\":\"\",\"created_timestamp\":\"0\",\"copyright\":\"\",\"focal_length\":\"0\",\"iso\":\"0\",\"shutter_speed\":\"0\",\"title\":\"\",\"orientation\":\"0\",\"keywords\":[],\"alt\":\"\"},\"meta\":false,\"postlink\":\"https:\/\/vedruna.org\/en\/adkur_3\/\"},{\"id\":40194,\"title\":\"Adkur_2\",\"url\":\"https:\/\/vedruna.org\/wp-content\/uploads\/2026\/09\/Adkur_2.jpg\",\"link\":\"https:\/\/vedruna.org\/en\/adkur_2-2\/\",\"alt\":\"\",\"description\":\"\",\"caption\":\"\",\"mime\":\"image\/jpeg\",\"type\":\"image\",\"width\":1280,\"height\":960,\"sizes\":{\"thumbnail\":{\"height\":150,\"width\":150,\"url\":\"https:\/\/vedruna.org\/wp-content\/uploads\/2026\/09\/Adkur_2-150x150.jpg\",\"orientation\":\"landscape\"},\"medium\":{\"height\":225,\"width\":300,\"url\":\"https:\/\/vedruna.org\/wp-content\/uploads\/2026\/09\/Adkur_2-300x225.jpg\",\"orientation\":\"landscape\"},\"large\":{\"height\":768,\"width\":1024,\"url\":\"https:\/\/vedruna.org\/wp-content\/uploads\/2026\/09\/Adkur_2-1024x768.jpg\",\"orientation\":\"landscape\"},\"full\":{\"url\":\"https:\/\/vedruna.org\/wp-content\/uploads\/2026\/09\/Adkur_2.jpg\",\"height\":960,\"width\":1280,\"orientation\":\"landscape\"}},\"imageMeta\":{\"aperture\":\"0\",\"credit\":\"\",\"camera\":\"\",\"caption\":\"\",\"created_timestamp\":\"0\",\"copyright\":\"\",\"focal_length\":\"0\",\"iso\":\"0\",\"shutter_speed\":\"0\",\"title\":\"\",\"orientation\":\"0\",\"keywords\":[],\"alt\":\"\"},\"meta\":false,\"postlink\":\"https:\/\/vedruna.org\/en\/adkur_2-2\/\"}],\"useClobalSettings\":true,\"shareFacebook\":false,\"shareTwitter\":false,\"sharePinterest\":false,\"sliderItemDownload\":false,\"shareCopyLink\":false,\"sliderItemCounterEnable\":false,\"sliderItemTitleFontSize\":20,\"sliderSlideshow\":false,\"sliderSocialShareEnabled\":false,\"sliderZoomEnable\":false,\"translatedWithWPMLTM\":\"1\",\"itemsMetaDataCollection\":[]}<\/script><script>(function(){if(window.PGC_SGB && window.PGC_SGB.searcher){window.PGC_SGB.searcher.initBlocks()}})()<\/script><\/div>","protected":false},"excerpt":{"rendered":"<p>La communaut\u00e9 d&rsquo;Adkur a c\u00e9l\u00e9br\u00e9 un double \u00e9v\u00e9nement le 28 ao\u00fbt : le bicentenaire et les 50 ans de vie religieuse de S\u0153ur Carmen Borges, ccv. Au cours de la c\u00e9l\u00e9bration eucharistique, ils ont rendu gr\u00e2ce \u00e0 Dieu pour le don que repr\u00e9sente S\u0153ur Joaquina et son charisme pour l\u2019\u00c9glise, ainsi que pour les \u00ab [&hellip;]<\/p>\n","protected":false},"author":21,"featured_media":40214,"comment_status":"closed","ping_status":"closed","sticky":false,"template":"","format":"standard","meta":{"_et_pb_use_builder":"","_et_pb_old_content":"","_et_gb_content_width":"","pgc_sgb_lightbox_settings":"","footnotes":""},"categories":[557,571,284],"tags":[],"class_list":["post-40220","post","type-post","status-publish","format-standard","has-post-thumbnail","hentry","category-bicentenaire-inde","category-bicentenaire-inde-2","category-province-de-linde"],"yoast_head":"<!-- This site is optimized with the Yoast SEO plugin v28.4 - https:\/\/yoast.com\/product\/yoast-seo-wordpress\/ -->\n<title>Une double c\u00e9l\u00e9bration de la gratitude \u00e0 Adkur - Carmelitas de la Caridad Vedruna<\/title>\n<meta name=\"description\" content=\"Le 28 ao\u00fbt, la communaut\u00e9 d\u2019Adkur a c\u00e9l\u00e9br\u00e9 le bicentenaire de Vedruna et les 50 ans de vie religieuse de S\u0153ur Carmen Borges, ccv.\" \/>\n<meta name=\"robots\" content=\"index, follow, max-snippet:-1, max-image-preview:large, max-video-preview:-1\" \/>\n<link rel=\"canonical\" href=\"https:\/\/vedruna.org\/fr\/une-double-celebration-de-la-gratitude-a-adkur\/\" \/>\n<meta property=\"og:locale\" content=\"fr_FR\" \/>\n<meta property=\"og:type\" content=\"article\" \/>\n<meta property=\"og:title\" content=\"Une double c\u00e9l\u00e9bration de la gratitude \u00e0 Adkur - Carmelitas de la Caridad Vedruna\" \/>\n<meta property=\"og:description\" content=\"Le 28 ao\u00fbt, la communaut\u00e9 d\u2019Adkur a c\u00e9l\u00e9br\u00e9 le bicentenaire de Vedruna et les 50 ans de vie religieuse de S\u0153ur Carmen Borges, ccv.\" \/>\n<meta property=\"og:url\" content=\"https:\/\/vedruna.org\/fr\/une-double-celebration-de-la-gratitude-a-adkur\/\" \/>\n<meta property=\"og:site_name\" content=\"Carmelitas de la Caridad Vedruna\" \/>\n<meta property=\"article:published_time\" content=\"2026-09-03T11:07:22+00:00\" \/>\n<meta property=\"article:modified_time\" content=\"2026-09-03T11:10:16+00:00\" \/>\n<meta property=\"og:image\" content=\"https:\/\/vedruna.org\/wp-content\/uploads\/2026\/09\/Adkur_4.jpg\" \/>\n\t<meta property=\"og:image:width\" content=\"1280\" \/>\n\t<meta property=\"og:image:height\" content=\"720\" \/>\n\t<meta property=\"og:image:type\" content=\"image\/jpeg\" \/>\n<meta name=\"author\" content=\"Maria Agustina G\u00f3mez\" \/>\n<meta name=\"twitter:card\" content=\"summary_large_image\" \/>\n<meta name=\"twitter:label1\" content=\"\u00c9crit par\" \/>\n\t<meta name=\"twitter:data1\" content=\"Maria Agustina G\u00f3mez\" \/>\n<script type=\"application\/ld+json\" class=\"yoast-schema-graph\">{\"@context\":\"https:\\\/\\\/schema.org\",\"@graph\":[{\"@type\":\"Article\",\"@id\":\"https:\\\/\\\/vedruna.org\\\/fr\\\/une-double-celebration-de-la-gratitude-a-adkur\\\/#article\",\"isPartOf\":{\"@id\":\"https:\\\/\\\/vedruna.org\\\/fr\\\/une-double-celebration-de-la-gratitude-a-adkur\\\/\"},\"author\":{\"name\":\"Maria Agustina G\u00f3mez\",\"@id\":\"https:\\\/\\\/vedruna.org\\\/fr\\\/#\\\/schema\\\/person\\\/95fe789adf27c2831fc5a049c727edf5\"},\"headline\":\"Une double c\u00e9l\u00e9bration de la gratitude \u00e0 Adkur\",\"datePublished\":\"2026-09-03T11:07:22+00:00\",\"dateModified\":\"2026-09-03T11:10:16+00:00\",\"mainEntityOfPage\":{\"@id\":\"https:\\\/\\\/vedruna.org\\\/fr\\\/une-double-celebration-de-la-gratitude-a-adkur\\\/\"},\"wordCount\":107,\"publisher\":{\"@id\":\"https:\\\/\\\/vedruna.org\\\/fr\\\/#organization\"},\"image\":{\"@id\":\"https:\\\/\\\/vedruna.org\\\/fr\\\/une-double-celebration-de-la-gratitude-a-adkur\\\/#primaryimage\"},\"thumbnailUrl\":\"https:\\\/\\\/vedruna.org\\\/wp-content\\\/uploads\\\/2026\\\/09\\\/Adkur_4.jpg\",\"articleSection\":[\"Bicentenaire Inde\",\"Bicentenaire Inde\",\"Province de l'Inde\"],\"inLanguage\":\"fr-FR\"},{\"@type\":\"WebPage\",\"@id\":\"https:\\\/\\\/vedruna.org\\\/fr\\\/une-double-celebration-de-la-gratitude-a-adkur\\\/\",\"url\":\"https:\\\/\\\/vedruna.org\\\/fr\\\/une-double-celebration-de-la-gratitude-a-adkur\\\/\",\"name\":\"Une double c\u00e9l\u00e9bration de la gratitude \u00e0 Adkur - Carmelitas de la Caridad Vedruna\",\"isPartOf\":{\"@id\":\"https:\\\/\\\/vedruna.org\\\/fr\\\/#website\"},\"primaryImageOfPage\":{\"@id\":\"https:\\\/\\\/vedruna.org\\\/fr\\\/une-double-celebration-de-la-gratitude-a-adkur\\\/#primaryimage\"},\"image\":{\"@id\":\"https:\\\/\\\/vedruna.org\\\/fr\\\/une-double-celebration-de-la-gratitude-a-adkur\\\/#primaryimage\"},\"thumbnailUrl\":\"https:\\\/\\\/vedruna.org\\\/wp-content\\\/uploads\\\/2026\\\/09\\\/Adkur_4.jpg\",\"datePublished\":\"2026-09-03T11:07:22+00:00\",\"dateModified\":\"2026-09-03T11:10:16+00:00\",\"description\":\"Le 28 ao\u00fbt, la communaut\u00e9 d\u2019Adkur a c\u00e9l\u00e9br\u00e9 le bicentenaire de Vedruna et les 50 ans de vie religieuse de S\u0153ur Carmen Borges, ccv.\",\"breadcrumb\":{\"@id\":\"https:\\\/\\\/vedruna.org\\\/fr\\\/une-double-celebration-de-la-gratitude-a-adkur\\\/#breadcrumb\"},\"inLanguage\":\"fr-FR\",\"potentialAction\":[{\"@type\":\"ReadAction\",\"target\":[\"https:\\\/\\\/vedruna.org\\\/fr\\\/une-double-celebration-de-la-gratitude-a-adkur\\\/\"]}]},{\"@type\":\"ImageObject\",\"inLanguage\":\"fr-FR\",\"@id\":\"https:\\\/\\\/vedruna.org\\\/fr\\\/une-double-celebration-de-la-gratitude-a-adkur\\\/#primaryimage\",\"url\":\"https:\\\/\\\/vedruna.org\\\/wp-content\\\/uploads\\\/2026\\\/09\\\/Adkur_4.jpg\",\"contentUrl\":\"https:\\\/\\\/vedruna.org\\\/wp-content\\\/uploads\\\/2026\\\/09\\\/Adkur_4.jpg\",\"width\":1280,\"height\":720},{\"@type\":\"BreadcrumbList\",\"@id\":\"https:\\\/\\\/vedruna.org\\\/fr\\\/une-double-celebration-de-la-gratitude-a-adkur\\\/#breadcrumb\",\"itemListElement\":[{\"@type\":\"ListItem\",\"position\":1,\"name\":\"Portada\",\"item\":\"https:\\\/\\\/vedruna.org\\\/fr\\\/\"},{\"@type\":\"ListItem\",\"position\":2,\"name\":\"Une double c\u00e9l\u00e9bration de la gratitude \u00e0 Adkur\"}]},{\"@type\":\"WebSite\",\"@id\":\"https:\\\/\\\/vedruna.org\\\/fr\\\/#website\",\"url\":\"https:\\\/\\\/vedruna.org\\\/fr\\\/\",\"name\":\"Carmelitas de la Caridad Vedruna\",\"description\":\"Carmelitas de la caridad\",\"publisher\":{\"@id\":\"https:\\\/\\\/vedruna.org\\\/fr\\\/#organization\"},\"potentialAction\":[{\"@type\":\"SearchAction\",\"target\":{\"@type\":\"EntryPoint\",\"urlTemplate\":\"https:\\\/\\\/vedruna.org\\\/fr\\\/?s={search_term_string}\"},\"query-input\":{\"@type\":\"PropertyValueSpecification\",\"valueRequired\":true,\"valueName\":\"search_term_string\"}}],\"inLanguage\":\"fr-FR\"},{\"@type\":\"Organization\",\"@id\":\"https:\\\/\\\/vedruna.org\\\/fr\\\/#organization\",\"name\":\"Carmelitas de la caridad Vedruna\",\"url\":\"https:\\\/\\\/vedruna.org\\\/fr\\\/\",\"logo\":{\"@type\":\"ImageObject\",\"inLanguage\":\"fr-FR\",\"@id\":\"https:\\\/\\\/vedruna.org\\\/fr\\\/#\\\/schema\\\/logo\\\/image\\\/\",\"url\":\"https:\\\/\\\/vedruna.org\\\/wp-content\\\/uploads\\\/2022\\\/04\\\/LOGO-VEDRUNA-HORIZONTAL.png\",\"contentUrl\":\"https:\\\/\\\/vedruna.org\\\/wp-content\\\/uploads\\\/2022\\\/04\\\/LOGO-VEDRUNA-HORIZONTAL.png\",\"width\":1200,\"height\":463,\"caption\":\"Carmelitas de la caridad Vedruna\"},\"image\":{\"@id\":\"https:\\\/\\\/vedruna.org\\\/fr\\\/#\\\/schema\\\/logo\\\/image\\\/\"}},{\"@type\":\"Person\",\"@id\":\"https:\\\/\\\/vedruna.org\\\/fr\\\/#\\\/schema\\\/person\\\/95fe789adf27c2831fc5a049c727edf5\",\"name\":\"Maria Agustina G\u00f3mez\",\"image\":{\"@type\":\"ImageObject\",\"inLanguage\":\"fr-FR\",\"@id\":\"https:\\\/\\\/secure.gravatar.com\\\/avatar\\\/8af3ece86571c098b978434bbc43b948c403c1ae191f09a04e94f916638ceb2c?s=96&d=mm&r=g\",\"url\":\"https:\\\/\\\/secure.gravatar.com\\\/avatar\\\/8af3ece86571c098b978434bbc43b948c403c1ae191f09a04e94f916638ceb2c?s=96&d=mm&r=g\",\"contentUrl\":\"https:\\\/\\\/secure.gravatar.com\\\/avatar\\\/8af3ece86571c098b978434bbc43b948c403c1ae191f09a04e94f916638ceb2c?s=96&d=mm&r=g\",\"caption\":\"Maria Agustina G\u00f3mez\"},\"url\":\"https:\\\/\\\/vedruna.org\\\/fr\\\/author\\\/agustina-gomez\\\/\"}]}<\/script>\n<!-- \/ Yoast SEO plugin. -->","yoast_head_json":{"title":"Une double c\u00e9l\u00e9bration de la gratitude \u00e0 Adkur - Carmelitas de la Caridad Vedruna","description":"Le 28 ao\u00fbt, la communaut\u00e9 d\u2019Adkur a c\u00e9l\u00e9br\u00e9 le bicentenaire de Vedruna et les 50 ans de vie religieuse de S\u0153ur Carmen Borges, ccv.","robots":{"index":"index","follow":"follow","max-snippet":"max-snippet:-1","max-image-preview":"max-image-preview:large","max-video-preview":"max-video-preview:-1"},"canonical":"https:\/\/vedruna.org\/fr\/une-double-celebration-de-la-gratitude-a-adkur\/","og_locale":"fr_FR","og_type":"article","og_title":"Une double c\u00e9l\u00e9bration de la gratitude \u00e0 Adkur - Carmelitas de la Caridad Vedruna","og_description":"Le 28 ao\u00fbt, la communaut\u00e9 d\u2019Adkur a c\u00e9l\u00e9br\u00e9 le bicentenaire de Vedruna et les 50 ans de vie religieuse de S\u0153ur Carmen Borges, ccv.","og_url":"https:\/\/vedruna.org\/fr\/une-double-celebration-de-la-gratitude-a-adkur\/","og_site_name":"Carmelitas de la Caridad Vedruna","article_published_time":"2026-09-03T11:07:22+00:00","article_modified_time":"2026-09-03T11:10:16+00:00","og_image":[{"width":1280,"height":720,"url":"https:\/\/vedruna.org\/wp-content\/uploads\/2026\/09\/Adkur_4.jpg","type":"image\/jpeg"}],"author":"Maria Agustina G\u00f3mez","twitter_card":"summary_large_image","twitter_misc":{"\u00c9crit par":"Maria Agustina G\u00f3mez"},"schema":{"@context":"https:\/\/schema.org","@graph":[{"@type":"Article","@id":"https:\/\/vedruna.org\/fr\/une-double-celebration-de-la-gratitude-a-adkur\/#article","isPartOf":{"@id":"https:\/\/vedruna.org\/fr\/une-double-celebration-de-la-gratitude-a-adkur\/"},"author":{"name":"Maria Agustina G\u00f3mez","@id":"https:\/\/vedruna.org\/fr\/#\/schema\/person\/95fe789adf27c2831fc5a049c727edf5"},"headline":"Une double c\u00e9l\u00e9bration de la gratitude \u00e0 Adkur","datePublished":"2026-09-03T11:07:22+00:00","dateModified":"2026-09-03T11:10:16+00:00","mainEntityOfPage":{"@id":"https:\/\/vedruna.org\/fr\/une-double-celebration-de-la-gratitude-a-adkur\/"},"wordCount":107,"publisher":{"@id":"https:\/\/vedruna.org\/fr\/#organization"},"image":{"@id":"https:\/\/vedruna.org\/fr\/une-double-celebration-de-la-gratitude-a-adkur\/#primaryimage"},"thumbnailUrl":"https:\/\/vedruna.org\/wp-content\/uploads\/2026\/09\/Adkur_4.jpg","articleSection":["Bicentenaire Inde","Bicentenaire Inde","Province de l'Inde"],"inLanguage":"fr-FR"},{"@type":"WebPage","@id":"https:\/\/vedruna.org\/fr\/une-double-celebration-de-la-gratitude-a-adkur\/","url":"https:\/\/vedruna.org\/fr\/une-double-celebration-de-la-gratitude-a-adkur\/","name":"Une double c\u00e9l\u00e9bration de la gratitude \u00e0 Adkur - Carmelitas de la Caridad Vedruna","isPartOf":{"@id":"https:\/\/vedruna.org\/fr\/#website"},"primaryImageOfPage":{"@id":"https:\/\/vedruna.org\/fr\/une-double-celebration-de-la-gratitude-a-adkur\/#primaryimage"},"image":{"@id":"https:\/\/vedruna.org\/fr\/une-double-celebration-de-la-gratitude-a-adkur\/#primaryimage"},"thumbnailUrl":"https:\/\/vedruna.org\/wp-content\/uploads\/2026\/09\/Adkur_4.jpg","datePublished":"2026-09-03T11:07:22+00:00","dateModified":"2026-09-03T11:10:16+00:00","description":"Le 28 ao\u00fbt, la communaut\u00e9 d\u2019Adkur a c\u00e9l\u00e9br\u00e9 le bicentenaire de Vedruna et les 50 ans de vie religieuse de S\u0153ur Carmen Borges, ccv.","breadcrumb":{"@id":"https:\/\/vedruna.org\/fr\/une-double-celebration-de-la-gratitude-a-adkur\/#breadcrumb"},"inLanguage":"fr-FR","potentialAction":[{"@type":"ReadAction","target":["https:\/\/vedruna.org\/fr\/une-double-celebration-de-la-gratitude-a-adkur\/"]}]},{"@type":"ImageObject","inLanguage":"fr-FR","@id":"https:\/\/vedruna.org\/fr\/une-double-celebration-de-la-gratitude-a-adkur\/#primaryimage","url":"https:\/\/vedruna.org\/wp-content\/uploads\/2026\/09\/Adkur_4.jpg","contentUrl":"https:\/\/vedruna.org\/wp-content\/uploads\/2026\/09\/Adkur_4.jpg","width":1280,"height":720},{"@type":"BreadcrumbList","@id":"https:\/\/vedruna.org\/fr\/une-double-celebration-de-la-gratitude-a-adkur\/#breadcrumb","itemListElement":[{"@type":"ListItem","position":1,"name":"Portada","item":"https:\/\/vedruna.org\/fr\/"},{"@type":"ListItem","position":2,"name":"Une double c\u00e9l\u00e9bration de la gratitude \u00e0 Adkur"}]},{"@type":"WebSite","@id":"https:\/\/vedruna.org\/fr\/#website","url":"https:\/\/vedruna.org\/fr\/","name":"Carmelitas de la Caridad Vedruna","description":"Carmelitas de la caridad","publisher":{"@id":"https:\/\/vedruna.org\/fr\/#organization"},"potentialAction":[{"@type":"SearchAction","target":{"@type":"EntryPoint","urlTemplate":"https:\/\/vedruna.org\/fr\/?s={search_term_string}"},"query-input":{"@type":"PropertyValueSpecification","valueRequired":true,"valueName":"search_term_string"}}],"inLanguage":"fr-FR"},{"@type":"Organization","@id":"https:\/\/vedruna.org\/fr\/#organization","name":"Carmelitas de la caridad Vedruna","url":"https:\/\/vedruna.org\/fr\/","logo":{"@type":"ImageObject","inLanguage":"fr-FR","@id":"https:\/\/vedruna.org\/fr\/#\/schema\/logo\/image\/","url":"https:\/\/vedruna.org\/wp-content\/uploads\/2022\/04\/LOGO-VEDRUNA-HORIZONTAL.png","contentUrl":"https:\/\/vedruna.org\/wp-content\/uploads\/2022\/04\/LOGO-VEDRUNA-HORIZONTAL.png","width":1200,"height":463,"caption":"Carmelitas de la caridad Vedruna"},"image":{"@id":"https:\/\/vedruna.org\/fr\/#\/schema\/logo\/image\/"}},{"@type":"Person","@id":"https:\/\/vedruna.org\/fr\/#\/schema\/person\/95fe789adf27c2831fc5a049c727edf5","name":"Maria Agustina G\u00f3mez","image":{"@type":"ImageObject","inLanguage":"fr-FR","@id":"https:\/\/secure.gravatar.com\/avatar\/8af3ece86571c098b978434bbc43b948c403c1ae191f09a04e94f916638ceb2c?s=96&d=mm&r=g","url":"https:\/\/secure.gravatar.com\/avatar\/8af3ece86571c098b978434bbc43b948c403c1ae191f09a04e94f916638ceb2c?s=96&d=mm&r=g","contentUrl":"https:\/\/secure.gravatar.com\/avatar\/8af3ece86571c098b978434bbc43b948c403c1ae191f09a04e94f916638ceb2c?s=96&d=mm&r=g","caption":"Maria Agustina G\u00f3mez"},"url":"https:\/\/vedruna.org\/fr\/author\/agustina-gomez\/"}]}},"_links":{"self":[{"href":"https:\/\/vedruna.org\/fr\/wp-json\/wp\/v2\/posts\/40220","targetHints":{"allow":["GET"]}}],"collection":[{"href":"https:\/\/vedruna.org\/fr\/wp-json\/wp\/v2\/posts"}],"about":[{"href":"https:\/\/vedruna.org\/fr\/wp-json\/wp\/v2\/types\/post"}],"author":[{"embeddable":true,"href":"https:\/\/vedruna.org\/fr\/wp-json\/wp\/v2\/users\/21"}],"replies":[{"embeddable":true,"href":"https:\/\/vedruna.org\/fr\/wp-json\/wp\/v2\/comments?post=40220"}],"version-history":[{"count":1,"href":"https:\/\/vedruna.org\/fr\/wp-json\/wp\/v2\/posts\/40220\/revisions"}],"predecessor-version":[{"id":40221,"href":"https:\/\/vedruna.org\/fr\/wp-json\/wp\/v2\/posts\/40220\/revisions\/40221"}],"wp:featuredmedia":[{"embeddable":true,"href":"https:\/\/vedruna.org\/fr\/wp-json\/wp\/v2\/media\/40214"}],"wp:attachment":[{"href":"https:\/\/vedruna.org\/fr\/wp-json\/wp\/v2\/media?parent=40220"}],"wp:term":[{"taxonomy":"category","embeddable":true,"href":"https:\/\/vedruna.org\/fr\/wp-json\/wp\/v2\/categories?post=40220"},{"taxonomy":"post_tag","embeddable":true,"href":"https:\/\/vedruna.org\/fr\/wp-json\/wp\/v2\/tags?post=40220"}],"curies":[{"name":"wp","href":"https:\/\/api.w.org\/{rel}","templated":true}]}}