{"id":40250,"date":"2026-09-03T13:43:34","date_gmt":"2026-09-03T11:43:34","guid":{"rendered":"https:\/\/vedruna.org\/une-celebration-du-bicentenaire-inspiree-par-lheritage-de-sainte-joaquina\/"},"modified":"2026-09-03T13:47:37","modified_gmt":"2026-09-03T11:47:37","slug":"une-celebration-du-bicentenaire-inspiree-par-lheritage-de-sainte-joaquina","status":"publish","type":"post","link":"https:\/\/vedruna.org\/fr\/une-celebration-du-bicentenaire-inspiree-par-lheritage-de-sainte-joaquina\/","title":{"rendered":"Une c\u00e9l\u00e9bration du bicentenaire inspir\u00e9e par l\u2019h\u00e9ritage de sainte Joaquina"},"content":{"rendered":"\n<p class=\"wp-block-paragraph\">La communaut\u00e9 d&rsquo;Ahmedabad a c\u00e9l\u00e9br\u00e9 le bicentenaire au sein de la paroisse. De nombreux la\u00efcs, collaborateurs et religieux se sont joints pour rendre gr\u00e2ce \u00e0 Dieu pour ces 200 ans de service accompli avec amour sur les diff\u00e9rents continents du monde.   <\/p>\n\n<p class=\"wp-block-paragraph\">Le fr\u00e8re Vinayak SJ, qui \u00e9tait le c\u00e9l\u00e9brant principal, a \u00e9voqu\u00e9 Joaquina et son engagement \u00e0 rendre la soci\u00e9t\u00e9 meilleure ; il a soulign\u00e9 que Joaquina souhaitait que sa fille aime et embrase le monde entier. Il a \u00e9voqu\u00e9 \u00e0 plusieurs reprises ses lettres, et en particulier celles adress\u00e9es \u00e0 ses enfants, invitant tous les la\u00efcs pr\u00e9sents \u00e0 lire les lettres de Joaquina \u00e0 ses enfants, dans lesquelles ils pourront constater \u00e0 quel point elle \u00e9tait une m\u00e8re spirituelle pour ses enfants et pour les filles de la Congr\u00e9gation.  <\/p>\n<div class=\"pgc-sgb-cb wp-block-pgcsimplygalleryblock-justified \" data-gallery-id=\"f3e48544\"><div class=\"sgb-preloader\" id=\"pr_f3e48544\">\n\t<div class=\"sgb-square\" style=\"background:#d4d4d4\"><\/div>\n\t<div class=\"sgb-square\" style=\"background:#d4d4d4\"><\/div>\n\t<div class=\"sgb-square\" style=\"background:#d4d4d4\"><\/div>\n\t<div class=\"sgb-square\" style=\"background:#d4d4d4\"><\/div><\/div><div class=\"simply-gallery-amp pgc_sgb_slider \"><noscript><div class=\"sgb-gallery\"><div class=\"sgb-item\"><a href=\"https:\/\/vedruna.org\/en\/ahmedabad_6\/\" target=\"_blank\"><img decoding=\"async\" alt=\"\" width=\"300\" height=\"226\" loading=\"lazy\" src=\"https:\/\/vedruna.org\/wp-content\/uploads\/2026\/09\/Ahmedabad_6-300x226.jpg\" srcset=\"https:\/\/vedruna.org\/wp-content\/uploads\/2026\/09\/Ahmedabad_6-300x226.jpg 300w,https:\/\/vedruna.org\/wp-content\/uploads\/2026\/09\/Ahmedabad_6-1024x770.jpg 1024w,https:\/\/vedruna.org\/wp-content\/uploads\/2026\/09\/Ahmedabad_6.jpg 1280w\" sizes=\"250px\"\/><\/a><\/div><div class=\"sgb-item\"><a href=\"https:\/\/vedruna.org\/en\/ahmedabad_5\/\" target=\"_blank\"><img decoding=\"async\" alt=\"\" width=\"226\" height=\"300\" loading=\"lazy\" src=\"https:\/\/vedruna.org\/wp-content\/uploads\/2026\/09\/Ahmedabad_5-226x300.jpg\" srcset=\"https:\/\/vedruna.org\/wp-content\/uploads\/2026\/09\/Ahmedabad_5-226x300.jpg 226w,https:\/\/vedruna.org\/wp-content\/uploads\/2026\/09\/Ahmedabad_5-770x1024.jpg 770w,https:\/\/vedruna.org\/wp-content\/uploads\/2026\/09\/Ahmedabad_5.jpg 963w\" sizes=\"250px\"\/><\/a><\/div><div class=\"sgb-item\"><a href=\"https:\/\/vedruna.org\/en\/ahmedabad_4\/\" target=\"_blank\"><img decoding=\"async\" alt=\"\" width=\"226\" height=\"300\" loading=\"lazy\" src=\"https:\/\/vedruna.org\/wp-content\/uploads\/2026\/09\/Ahmedabad_4-226x300.jpg\" srcset=\"https:\/\/vedruna.org\/wp-content\/uploads\/2026\/09\/Ahmedabad_4-226x300.jpg 226w,https:\/\/vedruna.org\/wp-content\/uploads\/2026\/09\/Ahmedabad_4-770x1024.jpg 770w,https:\/\/vedruna.org\/wp-content\/uploads\/2026\/09\/Ahmedabad_4.jpg 963w\" sizes=\"250px\"\/><\/a><\/div><div class=\"sgb-item\"><a href=\"https:\/\/vedruna.org\/en\/ahmedabad_3\/\" target=\"_blank\"><img decoding=\"async\" alt=\"\" width=\"226\" height=\"300\" loading=\"lazy\" src=\"https:\/\/vedruna.org\/wp-content\/uploads\/2026\/09\/Ahmedabad_3-226x300.jpg\" srcset=\"https:\/\/vedruna.org\/wp-content\/uploads\/2026\/09\/Ahmedabad_3-226x300.jpg 226w,https:\/\/vedruna.org\/wp-content\/uploads\/2026\/09\/Ahmedabad_3-770x1024.jpg 770w,https:\/\/vedruna.org\/wp-content\/uploads\/2026\/09\/Ahmedabad_3.jpg 963w\" sizes=\"250px\"\/><\/a><\/div><div class=\"sgb-item\"><a href=\"https:\/\/vedruna.org\/en\/ahmedabad_1\/\" target=\"_blank\"><img decoding=\"async\" alt=\"\" width=\"300\" height=\"169\" loading=\"lazy\" src=\"https:\/\/vedruna.org\/wp-content\/uploads\/2026\/09\/Ahmedabad_1-300x169.jpeg\" srcset=\"https:\/\/vedruna.org\/wp-content\/uploads\/2026\/09\/Ahmedabad_1-300x169.jpeg 300w,https:\/\/vedruna.org\/wp-content\/uploads\/2026\/09\/Ahmedabad_1-1024x576.jpeg 1024w,https:\/\/vedruna.org\/wp-content\/uploads\/2026\/09\/Ahmedabad_1-scaled.jpeg 2560w\" sizes=\"250px\"\/><\/a><\/div><div class=\"sgb-item\"><a href=\"https:\/\/vedruna.org\/en\/ahmedabad_2\/\" target=\"_blank\"><img decoding=\"async\" alt=\"\" width=\"300\" height=\"226\" loading=\"lazy\" src=\"https:\/\/vedruna.org\/wp-content\/uploads\/2026\/09\/Ahmedabad_2-300x226.jpg\" srcset=\"https:\/\/vedruna.org\/wp-content\/uploads\/2026\/09\/Ahmedabad_2-300x226.jpg 300w,https:\/\/vedruna.org\/wp-content\/uploads\/2026\/09\/Ahmedabad_2-1024x770.jpg 1024w,https:\/\/vedruna.org\/wp-content\/uploads\/2026\/09\/Ahmedabad_2.jpg 1280w\" sizes=\"250px\"\/><\/a><\/div><\/div><\/noscript><\/div><script type=\"application\/json\" class=\"sgb-data\">{\"lastRowFill\":true,\"externalLink\":false,\"captions\":false,\"collectionThumbSubMenuDownload\":false,\"collectionThumbSubMenuShare\":false,\"galleryType\":\"pgc_sgb_justified\",\"galleryId\":\"f3e48544\",\"images\":[{\"id\":40236,\"title\":\"Ahmedabad_6\",\"url\":\"https:\/\/vedruna.org\/wp-content\/uploads\/2026\/09\/Ahmedabad_6.jpg\",\"link\":\"https:\/\/vedruna.org\/en\/ahmedabad_6\/\",\"alt\":\"\",\"description\":\"\",\"caption\":\"\",\"mime\":\"image\/jpeg\",\"type\":\"image\",\"width\":1280,\"height\":963,\"sizes\":{\"thumbnail\":{\"height\":150,\"width\":150,\"url\":\"https:\/\/vedruna.org\/wp-content\/uploads\/2026\/09\/Ahmedabad_6-150x150.jpg\",\"orientation\":\"landscape\"},\"medium\":{\"height\":226,\"width\":300,\"url\":\"https:\/\/vedruna.org\/wp-content\/uploads\/2026\/09\/Ahmedabad_6-300x226.jpg\",\"orientation\":\"landscape\"},\"large\":{\"height\":770,\"width\":1024,\"url\":\"https:\/\/vedruna.org\/wp-content\/uploads\/2026\/09\/Ahmedabad_6-1024x770.jpg\",\"orientation\":\"landscape\"},\"full\":{\"url\":\"https:\/\/vedruna.org\/wp-content\/uploads\/2026\/09\/Ahmedabad_6.jpg\",\"height\":963,\"width\":1280,\"orientation\":\"landscape\"}},\"imageMeta\":{\"aperture\":\"0\",\"credit\":\"\",\"camera\":\"\",\"caption\":\"\",\"created_timestamp\":\"0\",\"copyright\":\"\",\"focal_length\":\"0\",\"iso\":\"0\",\"shutter_speed\":\"0\",\"title\":\"\",\"orientation\":\"0\",\"keywords\":[],\"alt\":\"\"},\"meta\":false,\"postlink\":\"https:\/\/vedruna.org\/en\/ahmedabad_6\/\"},{\"id\":40235,\"title\":\"Ahmedabad_5\",\"url\":\"https:\/\/vedruna.org\/wp-content\/uploads\/2026\/09\/Ahmedabad_5.jpg\",\"link\":\"https:\/\/vedruna.org\/en\/ahmedabad_5\/\",\"alt\":\"\",\"description\":\"\",\"caption\":\"\",\"mime\":\"image\/jpeg\",\"type\":\"image\",\"width\":963,\"height\":1280,\"sizes\":{\"thumbnail\":{\"height\":150,\"width\":150,\"url\":\"https:\/\/vedruna.org\/wp-content\/uploads\/2026\/09\/Ahmedabad_5-150x150.jpg\",\"orientation\":\"landscape\"},\"medium\":{\"height\":300,\"width\":226,\"url\":\"https:\/\/vedruna.org\/wp-content\/uploads\/2026\/09\/Ahmedabad_5-226x300.jpg\",\"orientation\":\"portrait\"},\"large\":{\"height\":1024,\"width\":770,\"url\":\"https:\/\/vedruna.org\/wp-content\/uploads\/2026\/09\/Ahmedabad_5-770x1024.jpg\",\"orientation\":\"portrait\"},\"full\":{\"url\":\"https:\/\/vedruna.org\/wp-content\/uploads\/2026\/09\/Ahmedabad_5.jpg\",\"height\":1280,\"width\":963,\"orientation\":\"portrait\"}},\"imageMeta\":{\"aperture\":\"0\",\"credit\":\"\",\"camera\":\"\",\"caption\":\"\",\"created_timestamp\":\"0\",\"copyright\":\"\",\"focal_length\":\"0\",\"iso\":\"0\",\"shutter_speed\":\"0\",\"title\":\"\",\"orientation\":\"0\",\"keywords\":[],\"alt\":\"\"},\"meta\":false,\"postlink\":\"https:\/\/vedruna.org\/en\/ahmedabad_5\/\"},{\"id\":40234,\"title\":\"Ahmedabad_4\",\"url\":\"https:\/\/vedruna.org\/wp-content\/uploads\/2026\/09\/Ahmedabad_4.jpg\",\"link\":\"https:\/\/vedruna.org\/en\/ahmedabad_4\/\",\"alt\":\"\",\"description\":\"\",\"caption\":\"\",\"mime\":\"image\/jpeg\",\"type\":\"image\",\"width\":963,\"height\":1280,\"sizes\":{\"thumbnail\":{\"height\":150,\"width\":150,\"url\":\"https:\/\/vedruna.org\/wp-content\/uploads\/2026\/09\/Ahmedabad_4-150x150.jpg\",\"orientation\":\"landscape\"},\"medium\":{\"height\":300,\"width\":226,\"url\":\"https:\/\/vedruna.org\/wp-content\/uploads\/2026\/09\/Ahmedabad_4-226x300.jpg\",\"orientation\":\"portrait\"},\"large\":{\"height\":1024,\"width\":770,\"url\":\"https:\/\/vedruna.org\/wp-content\/uploads\/2026\/09\/Ahmedabad_4-770x1024.jpg\",\"orientation\":\"portrait\"},\"full\":{\"url\":\"https:\/\/vedruna.org\/wp-content\/uploads\/2026\/09\/Ahmedabad_4.jpg\",\"height\":1280,\"width\":963,\"orientation\":\"portrait\"}},\"imageMeta\":{\"aperture\":\"0\",\"credit\":\"\",\"camera\":\"\",\"caption\":\"\",\"created_timestamp\":\"0\",\"copyright\":\"\",\"focal_length\":\"0\",\"iso\":\"0\",\"shutter_speed\":\"0\",\"title\":\"\",\"orientation\":\"0\",\"keywords\":[],\"alt\":\"\"},\"meta\":false,\"postlink\":\"https:\/\/vedruna.org\/en\/ahmedabad_4\/\"},{\"id\":40233,\"title\":\"Ahmedabad_3\",\"url\":\"https:\/\/vedruna.org\/wp-content\/uploads\/2026\/09\/Ahmedabad_3.jpg\",\"link\":\"https:\/\/vedruna.org\/en\/ahmedabad_3\/\",\"alt\":\"\",\"description\":\"\",\"caption\":\"\",\"mime\":\"image\/jpeg\",\"type\":\"image\",\"width\":963,\"height\":1280,\"sizes\":{\"thumbnail\":{\"height\":150,\"width\":150,\"url\":\"https:\/\/vedruna.org\/wp-content\/uploads\/2026\/09\/Ahmedabad_3-150x150.jpg\",\"orientation\":\"landscape\"},\"medium\":{\"height\":300,\"width\":226,\"url\":\"https:\/\/vedruna.org\/wp-content\/uploads\/2026\/09\/Ahmedabad_3-226x300.jpg\",\"orientation\":\"portrait\"},\"large\":{\"height\":1024,\"width\":770,\"url\":\"https:\/\/vedruna.org\/wp-content\/uploads\/2026\/09\/Ahmedabad_3-770x1024.jpg\",\"orientation\":\"portrait\"},\"full\":{\"url\":\"https:\/\/vedruna.org\/wp-content\/uploads\/2026\/09\/Ahmedabad_3.jpg\",\"height\":1280,\"width\":963,\"orientation\":\"portrait\"}},\"imageMeta\":{\"aperture\":\"0\",\"credit\":\"\",\"camera\":\"\",\"caption\":\"\",\"created_timestamp\":\"0\",\"copyright\":\"\",\"focal_length\":\"0\",\"iso\":\"0\",\"shutter_speed\":\"0\",\"title\":\"\",\"orientation\":\"0\",\"keywords\":[],\"alt\":\"\"},\"meta\":false,\"postlink\":\"https:\/\/vedruna.org\/en\/ahmedabad_3\/\"},{\"id\":40232,\"title\":\"Ahmedabad_1\",\"url\":\"https:\/\/vedruna.org\/wp-content\/uploads\/2026\/09\/Ahmedabad_1-scaled.jpeg\",\"link\":\"https:\/\/vedruna.org\/en\/ahmedabad_1\/\",\"alt\":\"\",\"description\":\"\",\"caption\":\"\",\"mime\":\"image\/jpeg\",\"type\":\"image\",\"width\":2560,\"height\":1440,\"sizes\":{\"thumbnail\":{\"height\":150,\"width\":150,\"url\":\"https:\/\/vedruna.org\/wp-content\/uploads\/2026\/09\/Ahmedabad_1-150x150.jpeg\",\"orientation\":\"landscape\"},\"medium\":{\"height\":169,\"width\":300,\"url\":\"https:\/\/vedruna.org\/wp-content\/uploads\/2026\/09\/Ahmedabad_1-300x169.jpeg\",\"orientation\":\"landscape\"},\"large\":{\"height\":576,\"width\":1024,\"url\":\"https:\/\/vedruna.org\/wp-content\/uploads\/2026\/09\/Ahmedabad_1-1024x576.jpeg\",\"orientation\":\"landscape\"},\"full\":{\"url\":\"https:\/\/vedruna.org\/wp-content\/uploads\/2026\/09\/Ahmedabad_1-scaled.jpeg\",\"height\":1440,\"width\":2560,\"orientation\":\"landscape\"}},\"imageMeta\":{\"aperture\":\"1.8\",\"credit\":\"\",\"camera\":\"iPhone 11\",\"caption\":\"\",\"created_timestamp\":\"1787942680\",\"copyright\":\"\",\"focal_length\":\"4.25\",\"iso\":\"100\",\"shutter_speed\":\"0.02\",\"title\":\"\",\"orientation\":\"1\",\"keywords\":[],\"alt\":\"\"},\"meta\":false,\"postlink\":\"https:\/\/vedruna.org\/en\/ahmedabad_1\/\"},{\"id\":40231,\"title\":\"Ahmedabad_2\",\"url\":\"https:\/\/vedruna.org\/wp-content\/uploads\/2026\/09\/Ahmedabad_2.jpg\",\"link\":\"https:\/\/vedruna.org\/en\/ahmedabad_2\/\",\"alt\":\"\",\"description\":\"\",\"caption\":\"\",\"mime\":\"image\/jpeg\",\"type\":\"image\",\"width\":1280,\"height\":963,\"sizes\":{\"thumbnail\":{\"height\":150,\"width\":150,\"url\":\"https:\/\/vedruna.org\/wp-content\/uploads\/2026\/09\/Ahmedabad_2-150x150.jpg\",\"orientation\":\"landscape\"},\"medium\":{\"height\":226,\"width\":300,\"url\":\"https:\/\/vedruna.org\/wp-content\/uploads\/2026\/09\/Ahmedabad_2-300x226.jpg\",\"orientation\":\"landscape\"},\"large\":{\"height\":770,\"width\":1024,\"url\":\"https:\/\/vedruna.org\/wp-content\/uploads\/2026\/09\/Ahmedabad_2-1024x770.jpg\",\"orientation\":\"landscape\"},\"full\":{\"url\":\"https:\/\/vedruna.org\/wp-content\/uploads\/2026\/09\/Ahmedabad_2.jpg\",\"height\":963,\"width\":1280,\"orientation\":\"landscape\"}},\"imageMeta\":{\"aperture\":\"0\",\"credit\":\"\",\"camera\":\"\",\"caption\":\"\",\"created_timestamp\":\"0\",\"copyright\":\"\",\"focal_length\":\"0\",\"iso\":\"0\",\"shutter_speed\":\"0\",\"title\":\"\",\"orientation\":\"0\",\"keywords\":[],\"alt\":\"\"},\"meta\":false,\"postlink\":\"https:\/\/vedruna.org\/en\/ahmedabad_2\/\"}],\"useClobalSettings\":true,\"shareFacebook\":false,\"shareTwitter\":false,\"sharePinterest\":false,\"sliderItemDownload\":false,\"shareCopyLink\":false,\"sliderItemCounterEnable\":false,\"sliderItemTitleFontSize\":20,\"sliderSlideshow\":false,\"sliderSocialShareEnabled\":false,\"sliderZoomEnable\":false,\"translatedWithWPMLTM\":\"1\",\"itemsMetaDataCollection\":[]}<\/script><script>(function(){if(window.PGC_SGB && window.PGC_SGB.searcher){window.PGC_SGB.searcher.initBlocks()}})()<\/script><\/div>","protected":false},"excerpt":{"rendered":"<p>La communaut\u00e9 d&rsquo;Ahmedabad a c\u00e9l\u00e9br\u00e9 le bicentenaire au sein de la paroisse. De nombreux la\u00efcs, collaborateurs et religieux se sont joints pour rendre gr\u00e2ce \u00e0 Dieu pour ces 200 ans de service accompli avec amour sur les diff\u00e9rents continents du monde. Le fr\u00e8re Vinayak SJ, qui \u00e9tait le c\u00e9l\u00e9brant principal, a \u00e9voqu\u00e9 Joaquina et son [&hellip;]<\/p>\n","protected":false},"author":21,"featured_media":40249,"comment_status":"closed","ping_status":"closed","sticky":false,"template":"","format":"standard","meta":{"_et_pb_use_builder":"","_et_pb_old_content":"","_et_gb_content_width":"","pgc_sgb_lightbox_settings":"","footnotes":""},"categories":[557,571,284],"tags":[],"class_list":["post-40250","post","type-post","status-publish","format-standard","has-post-thumbnail","hentry","category-bicentenaire-inde","category-bicentenaire-inde-2","category-province-de-linde"],"yoast_head":"<!-- This site is optimized with the Yoast SEO plugin v28.4 - https:\/\/yoast.com\/product\/yoast-seo-wordpress\/ -->\n<title>Une c\u00e9l\u00e9bration du bicentenaire inspir\u00e9e par l\u2019h\u00e9ritage de sainte Joaquina - Carmelitas de la Caridad Vedruna<\/title>\n<meta name=\"description\" content=\"La communaut\u00e9 d&#039;Ahmedabad a c\u00e9l\u00e9br\u00e9 le bicentenaire au sein de la paroisse. De nombreux la\u00efcs, collaborateurs et religieux se sont joints pour rendre gr\u00e2ce \u00e0 Dieu pour ces 200 ans de service rendu avec amour sur les diff\u00e9rents continents du monde.\" \/>\n<meta name=\"robots\" content=\"index, follow, max-snippet:-1, max-image-preview:large, max-video-preview:-1\" \/>\n<link rel=\"canonical\" href=\"https:\/\/vedruna.org\/fr\/une-celebration-du-bicentenaire-inspiree-par-lheritage-de-sainte-joaquina\/\" \/>\n<meta property=\"og:locale\" content=\"fr_FR\" \/>\n<meta property=\"og:type\" content=\"article\" \/>\n<meta property=\"og:title\" content=\"Une c\u00e9l\u00e9bration du bicentenaire inspir\u00e9e par l\u2019h\u00e9ritage de sainte Joaquina - Carmelitas de la Caridad Vedruna\" \/>\n<meta property=\"og:description\" content=\"La communaut\u00e9 d&#039;Ahmedabad a c\u00e9l\u00e9br\u00e9 le bicentenaire au sein de la paroisse. De nombreux la\u00efcs, collaborateurs et religieux se sont joints pour rendre gr\u00e2ce \u00e0 Dieu pour ces 200 ans de service rendu avec amour sur les diff\u00e9rents continents du monde.\" \/>\n<meta property=\"og:url\" content=\"https:\/\/vedruna.org\/fr\/une-celebration-du-bicentenaire-inspiree-par-lheritage-de-sainte-joaquina\/\" \/>\n<meta property=\"og:site_name\" content=\"Carmelitas de la Caridad Vedruna\" \/>\n<meta property=\"article:published_time\" content=\"2026-09-03T11:43:34+00:00\" \/>\n<meta property=\"article:modified_time\" content=\"2026-09-03T11:47:37+00:00\" \/>\n<meta property=\"og:image\" content=\"https:\/\/vedruna.org\/wp-content\/uploads\/2026\/09\/Ahmedabad_5-e1788435647449.jpg\" \/>\n\t<meta property=\"og:image:width\" content=\"958\" \/>\n\t<meta property=\"og:image:height\" content=\"579\" \/>\n\t<meta property=\"og:image:type\" content=\"image\/jpeg\" \/>\n<meta name=\"author\" content=\"Maria Agustina G\u00f3mez\" \/>\n<meta name=\"twitter:card\" content=\"summary_large_image\" \/>\n<meta name=\"twitter:label1\" content=\"\u00c9crit par\" \/>\n\t<meta name=\"twitter:data1\" content=\"Maria Agustina G\u00f3mez\" \/>\n\t<meta name=\"twitter:label2\" content=\"Dur\u00e9e de lecture estim\u00e9e\" \/>\n\t<meta name=\"twitter:data2\" content=\"1 minute\" \/>\n<script type=\"application\/ld+json\" class=\"yoast-schema-graph\">{\"@context\":\"https:\\\/\\\/schema.org\",\"@graph\":[{\"@type\":\"Article\",\"@id\":\"https:\\\/\\\/vedruna.org\\\/fr\\\/une-celebration-du-bicentenaire-inspiree-par-lheritage-de-sainte-joaquina\\\/#article\",\"isPartOf\":{\"@id\":\"https:\\\/\\\/vedruna.org\\\/fr\\\/une-celebration-du-bicentenaire-inspiree-par-lheritage-de-sainte-joaquina\\\/\"},\"author\":{\"name\":\"Maria Agustina G\u00f3mez\",\"@id\":\"https:\\\/\\\/vedruna.org\\\/fr\\\/#\\\/schema\\\/person\\\/95fe789adf27c2831fc5a049c727edf5\"},\"headline\":\"Une c\u00e9l\u00e9bration du bicentenaire inspir\u00e9e par l\u2019h\u00e9ritage de sainte Joaquina\",\"datePublished\":\"2026-09-03T11:43:34+00:00\",\"dateModified\":\"2026-09-03T11:47:37+00:00\",\"mainEntityOfPage\":{\"@id\":\"https:\\\/\\\/vedruna.org\\\/fr\\\/une-celebration-du-bicentenaire-inspiree-par-lheritage-de-sainte-joaquina\\\/\"},\"wordCount\":151,\"publisher\":{\"@id\":\"https:\\\/\\\/vedruna.org\\\/fr\\\/#organization\"},\"image\":{\"@id\":\"https:\\\/\\\/vedruna.org\\\/fr\\\/une-celebration-du-bicentenaire-inspiree-par-lheritage-de-sainte-joaquina\\\/#primaryimage\"},\"thumbnailUrl\":\"https:\\\/\\\/vedruna.org\\\/wp-content\\\/uploads\\\/2026\\\/09\\\/Ahmedabad_5-e1788435647449.jpg\",\"articleSection\":[\"Bicentenaire Inde\",\"Bicentenaire Inde\",\"Province de l'Inde\"],\"inLanguage\":\"fr-FR\"},{\"@type\":\"WebPage\",\"@id\":\"https:\\\/\\\/vedruna.org\\\/fr\\\/une-celebration-du-bicentenaire-inspiree-par-lheritage-de-sainte-joaquina\\\/\",\"url\":\"https:\\\/\\\/vedruna.org\\\/fr\\\/une-celebration-du-bicentenaire-inspiree-par-lheritage-de-sainte-joaquina\\\/\",\"name\":\"Une c\u00e9l\u00e9bration du bicentenaire inspir\u00e9e par l\u2019h\u00e9ritage de sainte Joaquina - Carmelitas de la Caridad Vedruna\",\"isPartOf\":{\"@id\":\"https:\\\/\\\/vedruna.org\\\/fr\\\/#website\"},\"primaryImageOfPage\":{\"@id\":\"https:\\\/\\\/vedruna.org\\\/fr\\\/une-celebration-du-bicentenaire-inspiree-par-lheritage-de-sainte-joaquina\\\/#primaryimage\"},\"image\":{\"@id\":\"https:\\\/\\\/vedruna.org\\\/fr\\\/une-celebration-du-bicentenaire-inspiree-par-lheritage-de-sainte-joaquina\\\/#primaryimage\"},\"thumbnailUrl\":\"https:\\\/\\\/vedruna.org\\\/wp-content\\\/uploads\\\/2026\\\/09\\\/Ahmedabad_5-e1788435647449.jpg\",\"datePublished\":\"2026-09-03T11:43:34+00:00\",\"dateModified\":\"2026-09-03T11:47:37+00:00\",\"description\":\"La communaut\u00e9 d'Ahmedabad a c\u00e9l\u00e9br\u00e9 le bicentenaire au sein de la paroisse. De nombreux la\u00efcs, collaborateurs et religieux se sont joints pour rendre gr\u00e2ce \u00e0 Dieu pour ces 200 ans de service rendu avec amour sur les diff\u00e9rents continents du monde.\",\"breadcrumb\":{\"@id\":\"https:\\\/\\\/vedruna.org\\\/fr\\\/une-celebration-du-bicentenaire-inspiree-par-lheritage-de-sainte-joaquina\\\/#breadcrumb\"},\"inLanguage\":\"fr-FR\",\"potentialAction\":[{\"@type\":\"ReadAction\",\"target\":[\"https:\\\/\\\/vedruna.org\\\/fr\\\/une-celebration-du-bicentenaire-inspiree-par-lheritage-de-sainte-joaquina\\\/\"]}]},{\"@type\":\"ImageObject\",\"inLanguage\":\"fr-FR\",\"@id\":\"https:\\\/\\\/vedruna.org\\\/fr\\\/une-celebration-du-bicentenaire-inspiree-par-lheritage-de-sainte-joaquina\\\/#primaryimage\",\"url\":\"https:\\\/\\\/vedruna.org\\\/wp-content\\\/uploads\\\/2026\\\/09\\\/Ahmedabad_5-e1788435647449.jpg\",\"contentUrl\":\"https:\\\/\\\/vedruna.org\\\/wp-content\\\/uploads\\\/2026\\\/09\\\/Ahmedabad_5-e1788435647449.jpg\",\"width\":958,\"height\":579},{\"@type\":\"BreadcrumbList\",\"@id\":\"https:\\\/\\\/vedruna.org\\\/fr\\\/une-celebration-du-bicentenaire-inspiree-par-lheritage-de-sainte-joaquina\\\/#breadcrumb\",\"itemListElement\":[{\"@type\":\"ListItem\",\"position\":1,\"name\":\"Portada\",\"item\":\"https:\\\/\\\/vedruna.org\\\/fr\\\/\"},{\"@type\":\"ListItem\",\"position\":2,\"name\":\"Une c\u00e9l\u00e9bration du bicentenaire inspir\u00e9e par l\u2019h\u00e9ritage de sainte Joaquina\"}]},{\"@type\":\"WebSite\",\"@id\":\"https:\\\/\\\/vedruna.org\\\/fr\\\/#website\",\"url\":\"https:\\\/\\\/vedruna.org\\\/fr\\\/\",\"name\":\"Carmelitas de la Caridad Vedruna\",\"description\":\"Carmelitas de la caridad\",\"publisher\":{\"@id\":\"https:\\\/\\\/vedruna.org\\\/fr\\\/#organization\"},\"potentialAction\":[{\"@type\":\"SearchAction\",\"target\":{\"@type\":\"EntryPoint\",\"urlTemplate\":\"https:\\\/\\\/vedruna.org\\\/fr\\\/?s={search_term_string}\"},\"query-input\":{\"@type\":\"PropertyValueSpecification\",\"valueRequired\":true,\"valueName\":\"search_term_string\"}}],\"inLanguage\":\"fr-FR\"},{\"@type\":\"Organization\",\"@id\":\"https:\\\/\\\/vedruna.org\\\/fr\\\/#organization\",\"name\":\"Carmelitas de la caridad Vedruna\",\"url\":\"https:\\\/\\\/vedruna.org\\\/fr\\\/\",\"logo\":{\"@type\":\"ImageObject\",\"inLanguage\":\"fr-FR\",\"@id\":\"https:\\\/\\\/vedruna.org\\\/fr\\\/#\\\/schema\\\/logo\\\/image\\\/\",\"url\":\"https:\\\/\\\/vedruna.org\\\/wp-content\\\/uploads\\\/2022\\\/04\\\/LOGO-VEDRUNA-HORIZONTAL.png\",\"contentUrl\":\"https:\\\/\\\/vedruna.org\\\/wp-content\\\/uploads\\\/2022\\\/04\\\/LOGO-VEDRUNA-HORIZONTAL.png\",\"width\":1200,\"height\":463,\"caption\":\"Carmelitas de la caridad Vedruna\"},\"image\":{\"@id\":\"https:\\\/\\\/vedruna.org\\\/fr\\\/#\\\/schema\\\/logo\\\/image\\\/\"}},{\"@type\":\"Person\",\"@id\":\"https:\\\/\\\/vedruna.org\\\/fr\\\/#\\\/schema\\\/person\\\/95fe789adf27c2831fc5a049c727edf5\",\"name\":\"Maria Agustina G\u00f3mez\",\"image\":{\"@type\":\"ImageObject\",\"inLanguage\":\"fr-FR\",\"@id\":\"https:\\\/\\\/secure.gravatar.com\\\/avatar\\\/8af3ece86571c098b978434bbc43b948c403c1ae191f09a04e94f916638ceb2c?s=96&d=mm&r=g\",\"url\":\"https:\\\/\\\/secure.gravatar.com\\\/avatar\\\/8af3ece86571c098b978434bbc43b948c403c1ae191f09a04e94f916638ceb2c?s=96&d=mm&r=g\",\"contentUrl\":\"https:\\\/\\\/secure.gravatar.com\\\/avatar\\\/8af3ece86571c098b978434bbc43b948c403c1ae191f09a04e94f916638ceb2c?s=96&d=mm&r=g\",\"caption\":\"Maria Agustina G\u00f3mez\"},\"url\":\"https:\\\/\\\/vedruna.org\\\/fr\\\/author\\\/agustina-gomez\\\/\"}]}<\/script>\n<!-- \/ Yoast SEO plugin. -->","yoast_head_json":{"title":"Une c\u00e9l\u00e9bration du bicentenaire inspir\u00e9e par l\u2019h\u00e9ritage de sainte Joaquina - Carmelitas de la Caridad Vedruna","description":"La communaut\u00e9 d'Ahmedabad a c\u00e9l\u00e9br\u00e9 le bicentenaire au sein de la paroisse. De nombreux la\u00efcs, collaborateurs et religieux se sont joints pour rendre gr\u00e2ce \u00e0 Dieu pour ces 200 ans de service rendu avec amour sur les diff\u00e9rents continents du monde.","robots":{"index":"index","follow":"follow","max-snippet":"max-snippet:-1","max-image-preview":"max-image-preview:large","max-video-preview":"max-video-preview:-1"},"canonical":"https:\/\/vedruna.org\/fr\/une-celebration-du-bicentenaire-inspiree-par-lheritage-de-sainte-joaquina\/","og_locale":"fr_FR","og_type":"article","og_title":"Une c\u00e9l\u00e9bration du bicentenaire inspir\u00e9e par l\u2019h\u00e9ritage de sainte Joaquina - Carmelitas de la Caridad Vedruna","og_description":"La communaut\u00e9 d'Ahmedabad a c\u00e9l\u00e9br\u00e9 le bicentenaire au sein de la paroisse. De nombreux la\u00efcs, collaborateurs et religieux se sont joints pour rendre gr\u00e2ce \u00e0 Dieu pour ces 200 ans de service rendu avec amour sur les diff\u00e9rents continents du monde.","og_url":"https:\/\/vedruna.org\/fr\/une-celebration-du-bicentenaire-inspiree-par-lheritage-de-sainte-joaquina\/","og_site_name":"Carmelitas de la Caridad Vedruna","article_published_time":"2026-09-03T11:43:34+00:00","article_modified_time":"2026-09-03T11:47:37+00:00","og_image":[{"width":958,"height":579,"url":"https:\/\/vedruna.org\/wp-content\/uploads\/2026\/09\/Ahmedabad_5-e1788435647449.jpg","type":"image\/jpeg"}],"author":"Maria Agustina G\u00f3mez","twitter_card":"summary_large_image","twitter_misc":{"\u00c9crit par":"Maria Agustina G\u00f3mez","Dur\u00e9e de lecture estim\u00e9e":"1 minute"},"schema":{"@context":"https:\/\/schema.org","@graph":[{"@type":"Article","@id":"https:\/\/vedruna.org\/fr\/une-celebration-du-bicentenaire-inspiree-par-lheritage-de-sainte-joaquina\/#article","isPartOf":{"@id":"https:\/\/vedruna.org\/fr\/une-celebration-du-bicentenaire-inspiree-par-lheritage-de-sainte-joaquina\/"},"author":{"name":"Maria Agustina G\u00f3mez","@id":"https:\/\/vedruna.org\/fr\/#\/schema\/person\/95fe789adf27c2831fc5a049c727edf5"},"headline":"Une c\u00e9l\u00e9bration du bicentenaire inspir\u00e9e par l\u2019h\u00e9ritage de sainte Joaquina","datePublished":"2026-09-03T11:43:34+00:00","dateModified":"2026-09-03T11:47:37+00:00","mainEntityOfPage":{"@id":"https:\/\/vedruna.org\/fr\/une-celebration-du-bicentenaire-inspiree-par-lheritage-de-sainte-joaquina\/"},"wordCount":151,"publisher":{"@id":"https:\/\/vedruna.org\/fr\/#organization"},"image":{"@id":"https:\/\/vedruna.org\/fr\/une-celebration-du-bicentenaire-inspiree-par-lheritage-de-sainte-joaquina\/#primaryimage"},"thumbnailUrl":"https:\/\/vedruna.org\/wp-content\/uploads\/2026\/09\/Ahmedabad_5-e1788435647449.jpg","articleSection":["Bicentenaire Inde","Bicentenaire Inde","Province de l'Inde"],"inLanguage":"fr-FR"},{"@type":"WebPage","@id":"https:\/\/vedruna.org\/fr\/une-celebration-du-bicentenaire-inspiree-par-lheritage-de-sainte-joaquina\/","url":"https:\/\/vedruna.org\/fr\/une-celebration-du-bicentenaire-inspiree-par-lheritage-de-sainte-joaquina\/","name":"Une c\u00e9l\u00e9bration du bicentenaire inspir\u00e9e par l\u2019h\u00e9ritage de sainte Joaquina - Carmelitas de la Caridad Vedruna","isPartOf":{"@id":"https:\/\/vedruna.org\/fr\/#website"},"primaryImageOfPage":{"@id":"https:\/\/vedruna.org\/fr\/une-celebration-du-bicentenaire-inspiree-par-lheritage-de-sainte-joaquina\/#primaryimage"},"image":{"@id":"https:\/\/vedruna.org\/fr\/une-celebration-du-bicentenaire-inspiree-par-lheritage-de-sainte-joaquina\/#primaryimage"},"thumbnailUrl":"https:\/\/vedruna.org\/wp-content\/uploads\/2026\/09\/Ahmedabad_5-e1788435647449.jpg","datePublished":"2026-09-03T11:43:34+00:00","dateModified":"2026-09-03T11:47:37+00:00","description":"La communaut\u00e9 d'Ahmedabad a c\u00e9l\u00e9br\u00e9 le bicentenaire au sein de la paroisse. De nombreux la\u00efcs, collaborateurs et religieux se sont joints pour rendre gr\u00e2ce \u00e0 Dieu pour ces 200 ans de service rendu avec amour sur les diff\u00e9rents continents du monde.","breadcrumb":{"@id":"https:\/\/vedruna.org\/fr\/une-celebration-du-bicentenaire-inspiree-par-lheritage-de-sainte-joaquina\/#breadcrumb"},"inLanguage":"fr-FR","potentialAction":[{"@type":"ReadAction","target":["https:\/\/vedruna.org\/fr\/une-celebration-du-bicentenaire-inspiree-par-lheritage-de-sainte-joaquina\/"]}]},{"@type":"ImageObject","inLanguage":"fr-FR","@id":"https:\/\/vedruna.org\/fr\/une-celebration-du-bicentenaire-inspiree-par-lheritage-de-sainte-joaquina\/#primaryimage","url":"https:\/\/vedruna.org\/wp-content\/uploads\/2026\/09\/Ahmedabad_5-e1788435647449.jpg","contentUrl":"https:\/\/vedruna.org\/wp-content\/uploads\/2026\/09\/Ahmedabad_5-e1788435647449.jpg","width":958,"height":579},{"@type":"BreadcrumbList","@id":"https:\/\/vedruna.org\/fr\/une-celebration-du-bicentenaire-inspiree-par-lheritage-de-sainte-joaquina\/#breadcrumb","itemListElement":[{"@type":"ListItem","position":1,"name":"Portada","item":"https:\/\/vedruna.org\/fr\/"},{"@type":"ListItem","position":2,"name":"Une c\u00e9l\u00e9bration du bicentenaire inspir\u00e9e par l\u2019h\u00e9ritage de sainte Joaquina"}]},{"@type":"WebSite","@id":"https:\/\/vedruna.org\/fr\/#website","url":"https:\/\/vedruna.org\/fr\/","name":"Carmelitas de la Caridad Vedruna","description":"Carmelitas de la caridad","publisher":{"@id":"https:\/\/vedruna.org\/fr\/#organization"},"potentialAction":[{"@type":"SearchAction","target":{"@type":"EntryPoint","urlTemplate":"https:\/\/vedruna.org\/fr\/?s={search_term_string}"},"query-input":{"@type":"PropertyValueSpecification","valueRequired":true,"valueName":"search_term_string"}}],"inLanguage":"fr-FR"},{"@type":"Organization","@id":"https:\/\/vedruna.org\/fr\/#organization","name":"Carmelitas de la caridad Vedruna","url":"https:\/\/vedruna.org\/fr\/","logo":{"@type":"ImageObject","inLanguage":"fr-FR","@id":"https:\/\/vedruna.org\/fr\/#\/schema\/logo\/image\/","url":"https:\/\/vedruna.org\/wp-content\/uploads\/2022\/04\/LOGO-VEDRUNA-HORIZONTAL.png","contentUrl":"https:\/\/vedruna.org\/wp-content\/uploads\/2022\/04\/LOGO-VEDRUNA-HORIZONTAL.png","width":1200,"height":463,"caption":"Carmelitas de la caridad Vedruna"},"image":{"@id":"https:\/\/vedruna.org\/fr\/#\/schema\/logo\/image\/"}},{"@type":"Person","@id":"https:\/\/vedruna.org\/fr\/#\/schema\/person\/95fe789adf27c2831fc5a049c727edf5","name":"Maria Agustina G\u00f3mez","image":{"@type":"ImageObject","inLanguage":"fr-FR","@id":"https:\/\/secure.gravatar.com\/avatar\/8af3ece86571c098b978434bbc43b948c403c1ae191f09a04e94f916638ceb2c?s=96&d=mm&r=g","url":"https:\/\/secure.gravatar.com\/avatar\/8af3ece86571c098b978434bbc43b948c403c1ae191f09a04e94f916638ceb2c?s=96&d=mm&r=g","contentUrl":"https:\/\/secure.gravatar.com\/avatar\/8af3ece86571c098b978434bbc43b948c403c1ae191f09a04e94f916638ceb2c?s=96&d=mm&r=g","caption":"Maria Agustina G\u00f3mez"},"url":"https:\/\/vedruna.org\/fr\/author\/agustina-gomez\/"}]}},"_links":{"self":[{"href":"https:\/\/vedruna.org\/fr\/wp-json\/wp\/v2\/posts\/40250","targetHints":{"allow":["GET"]}}],"collection":[{"href":"https:\/\/vedruna.org\/fr\/wp-json\/wp\/v2\/posts"}],"about":[{"href":"https:\/\/vedruna.org\/fr\/wp-json\/wp\/v2\/types\/post"}],"author":[{"embeddable":true,"href":"https:\/\/vedruna.org\/fr\/wp-json\/wp\/v2\/users\/21"}],"replies":[{"embeddable":true,"href":"https:\/\/vedruna.org\/fr\/wp-json\/wp\/v2\/comments?post=40250"}],"version-history":[{"count":1,"href":"https:\/\/vedruna.org\/fr\/wp-json\/wp\/v2\/posts\/40250\/revisions"}],"predecessor-version":[{"id":40251,"href":"https:\/\/vedruna.org\/fr\/wp-json\/wp\/v2\/posts\/40250\/revisions\/40251"}],"wp:featuredmedia":[{"embeddable":true,"href":"https:\/\/vedruna.org\/fr\/wp-json\/wp\/v2\/media\/40249"}],"wp:attachment":[{"href":"https:\/\/vedruna.org\/fr\/wp-json\/wp\/v2\/media?parent=40250"}],"wp:term":[{"taxonomy":"category","embeddable":true,"href":"https:\/\/vedruna.org\/fr\/wp-json\/wp\/v2\/categories?post=40250"},{"taxonomy":"post_tag","embeddable":true,"href":"https:\/\/vedruna.org\/fr\/wp-json\/wp\/v2\/tags?post=40250"}],"curies":[{"name":"wp","href":"https:\/\/api.w.org\/{rel}","templated":true}]}}