{"id":40297,"date":"2026-09-03T21:43:58","date_gmt":"2026-09-03T19:43:58","guid":{"rendered":"https:\/\/vedruna.org\/la-mission-vedruna-se-poursuit-a-caceres-par-lintermediaire-du-college-santa-cecilia\/"},"modified":"2026-09-03T21:45:02","modified_gmt":"2026-09-03T19:45:02","slug":"la-mission-vedruna-se-poursuit-a-caceres-par-lintermediaire-du-college-santa-cecilia","status":"publish","type":"post","link":"https:\/\/vedruna.org\/fr\/la-mission-vedruna-se-poursuit-a-caceres-par-lintermediaire-du-college-santa-cecilia\/","title":{"rendered":"La mission Vedruna se poursuit \u00e0 C\u00e1ceres par l&rsquo;interm\u00e9diaire du coll\u00e8ge Santa Cecilia"},"content":{"rendered":"\n<p class=\"wp-block-paragraph\">Apr\u00e8s plus de 135 ans de pr\u00e9sence \u00e0 C\u00e1ceres, o\u00f9 elle a marqu\u00e9 l&rsquo;histoire de la ville et la vie de nombreuses g\u00e9n\u00e9rations, la communaut\u00e9 des s\u0153urs Vedruna entame une nouvelle \u00e9tape, tandis que le Coll\u00e8ge Santa Cecilia continue de d\u00e9velopper son projet \u00e9ducatif et de perp\u00e9tuer l&rsquo;h\u00e9ritage de Sainte Joaquina dans la ville.<\/p>\n\n<p class=\"wp-block-paragraph\">Nous vous transmettons le communiqu\u00e9 de l\u2019\u00e9quipe provinciale de Vedruna, publi\u00e9 aujourd\u2019hui \u00e0 l\u2019occasion de cet \u00e9v\u00e9nement marquant. Pour conna\u00eetre tous les d\u00e9tails de ces adieux et de la poursuite de la mission au Coll\u00e8ge Santa Cecilia, nous vous invitons \u00e0 lire l\u2019article publi\u00e9 sur <a href=\"https:\/\/vedruna.eu\/portfolio-item\/la-comunidad-de-hermanas-vedruna-se-despide-de-caceres-pero-la-labor-del-colegio-santa-cecilia-continua\/\">vedruna.eu.<\/a> <\/p>\n\n<figure class=\"wp-block-embed is-type-wp-embed is-provider-provincia-vedruna-europa wp-block-embed-provincia-vedruna-europa\"><div class=\"wp-block-embed__wrapper\">\n<blockquote class=\"wp-embedded-content\" data-secret=\"8wsDU9sDI9\"><a href=\"https:\/\/vedruna.eu\/portfolio-item\/la-comunidad-de-hermanas-vedruna-se-despide-de-caceres-pero-la-labor-del-colegio-santa-cecilia-continua\/\">La comunidad de hermanas Vedruna se despide de C\u00e1ceres, pero la labor del Colegio Santa Cecilia contin\u00faa<\/a><\/blockquote><iframe loading=\"lazy\" class=\"wp-embedded-content\" sandbox=\"allow-scripts\" security=\"restricted\" style=\"position: absolute; visibility: hidden;\" title=\"\u00abLa comunidad de hermanas Vedruna se despide de C\u00e1ceres, pero la labor del Colegio Santa Cecilia contin\u00faa\u00bb \u2014 Provincia Vedruna Europa\" src=\"https:\/\/vedruna.eu\/portfolio-item\/la-comunidad-de-hermanas-vedruna-se-despide-de-caceres-pero-la-labor-del-colegio-santa-cecilia-continua\/embed\/#?secret=8wsDU9sDI9\" data-secret=\"8wsDU9sDI9\" width=\"600\" height=\"338\" frameborder=\"0\" marginwidth=\"0\" marginheight=\"0\" scrolling=\"no\"><\/iframe>\n<\/div><\/figure>\n","protected":false},"excerpt":{"rendered":"<p>Apr\u00e8s plus de 135 ans de pr\u00e9sence \u00e0 C\u00e1ceres, o\u00f9 elle a marqu\u00e9 l&rsquo;histoire de la ville et la vie de nombreuses g\u00e9n\u00e9rations, la communaut\u00e9 des s\u0153urs Vedruna entame une nouvelle \u00e9tape, tandis que le Coll\u00e8ge Santa Cecilia continue de d\u00e9velopper son projet \u00e9ducatif et de perp\u00e9tuer l&rsquo;h\u00e9ritage de Sainte Joaquina dans la ville. Nous [&hellip;]<\/p>\n","protected":false},"author":21,"featured_media":40298,"comment_status":"closed","ping_status":"closed","sticky":false,"template":"","format":"standard","meta":{"_et_pb_use_builder":"","_et_pb_old_content":"","_et_gb_content_width":"","pgc_sgb_lightbox_settings":"","footnotes":""},"categories":[225],"tags":[],"class_list":["post-40297","post","type-post","status-publish","format-standard","has-post-thumbnail","hentry","category-province-deurope"],"yoast_head":"<!-- This site is optimized with the Yoast SEO plugin v28.4 - https:\/\/yoast.com\/product\/yoast-seo-wordpress\/ -->\n<title>La mission Vedruna se poursuit \u00e0 C\u00e1ceres par l&#039;interm\u00e9diaire du coll\u00e8ge Santa Cecilia - Carmelitas de la Caridad Vedruna<\/title>\n<meta name=\"description\" content=\"Apr\u00e8s plus de 135 ans de pr\u00e9sence \u00e0 C\u00e1ceres, o\u00f9 elle a marqu\u00e9 l&#039;histoire de la ville et la vie de nombreuses g\u00e9n\u00e9rations, la communaut\u00e9 des s\u0153urs Vedruna entame une nouvelle \u00e9tape, tandis que le Coll\u00e8ge Sainte-C\u00e9cile poursuit la mise en \u0153uvre de son projet \u00e9ducatif et perp\u00e9tue l&#039;h\u00e9ritage de Sainte-Joaquina dans la ville\" \/>\n<meta name=\"robots\" content=\"index, follow, max-snippet:-1, max-image-preview:large, max-video-preview:-1\" \/>\n<link rel=\"canonical\" href=\"https:\/\/vedruna.org\/fr\/la-mission-vedruna-se-poursuit-a-caceres-par-lintermediaire-du-college-santa-cecilia\/\" \/>\n<meta property=\"og:locale\" content=\"fr_FR\" \/>\n<meta property=\"og:type\" content=\"article\" \/>\n<meta property=\"og:title\" content=\"La mission Vedruna se poursuit \u00e0 C\u00e1ceres par l&#039;interm\u00e9diaire du coll\u00e8ge Santa Cecilia - Carmelitas de la Caridad Vedruna\" \/>\n<meta property=\"og:description\" content=\"Apr\u00e8s plus de 135 ans de pr\u00e9sence \u00e0 C\u00e1ceres, o\u00f9 elle a marqu\u00e9 l&#039;histoire de la ville et la vie de nombreuses g\u00e9n\u00e9rations, la communaut\u00e9 des s\u0153urs Vedruna entame une nouvelle \u00e9tape, tandis que le Coll\u00e8ge Sainte-C\u00e9cile poursuit la mise en \u0153uvre de son projet \u00e9ducatif et perp\u00e9tue l&#039;h\u00e9ritage de Sainte-Joaquina dans la ville\" \/>\n<meta property=\"og:url\" content=\"https:\/\/vedruna.org\/fr\/la-mission-vedruna-se-poursuit-a-caceres-par-lintermediaire-du-college-santa-cecilia\/\" \/>\n<meta property=\"og:site_name\" content=\"Carmelitas de la Caridad Vedruna\" \/>\n<meta property=\"article:published_time\" content=\"2026-09-03T19:43:58+00:00\" \/>\n<meta property=\"article:modified_time\" content=\"2026-09-03T19:45:02+00:00\" \/>\n<meta property=\"og:image\" content=\"https:\/\/vedruna.org\/wp-content\/uploads\/2026\/09\/Caceres.jpeg\" \/>\n\t<meta property=\"og:image:width\" content=\"2000\" \/>\n\t<meta property=\"og:image:height\" content=\"1126\" \/>\n\t<meta property=\"og:image:type\" content=\"image\/jpeg\" \/>\n<meta name=\"author\" content=\"Maria Agustina G\u00f3mez\" \/>\n<meta name=\"twitter:card\" content=\"summary_large_image\" \/>\n<meta name=\"twitter:label1\" content=\"\u00c9crit par\" \/>\n\t<meta name=\"twitter:data1\" content=\"Maria Agustina G\u00f3mez\" \/>\n\t<meta name=\"twitter:label2\" content=\"Dur\u00e9e de lecture estim\u00e9e\" \/>\n\t<meta name=\"twitter:data2\" content=\"1 minute\" \/>\n<script type=\"application\/ld+json\" class=\"yoast-schema-graph\">{\"@context\":\"https:\\\/\\\/schema.org\",\"@graph\":[{\"@type\":\"Article\",\"@id\":\"https:\\\/\\\/vedruna.org\\\/fr\\\/la-mission-vedruna-se-poursuit-a-caceres-par-lintermediaire-du-college-santa-cecilia\\\/#article\",\"isPartOf\":{\"@id\":\"https:\\\/\\\/vedruna.org\\\/fr\\\/la-mission-vedruna-se-poursuit-a-caceres-par-lintermediaire-du-college-santa-cecilia\\\/\"},\"author\":{\"name\":\"Maria Agustina G\u00f3mez\",\"@id\":\"https:\\\/\\\/vedruna.org\\\/fr\\\/#\\\/schema\\\/person\\\/95fe789adf27c2831fc5a049c727edf5\"},\"headline\":\"La mission Vedruna se poursuit \u00e0 C\u00e1ceres par l&rsquo;interm\u00e9diaire du coll\u00e8ge Santa Cecilia\",\"datePublished\":\"2026-09-03T19:43:58+00:00\",\"dateModified\":\"2026-09-03T19:45:02+00:00\",\"mainEntityOfPage\":{\"@id\":\"https:\\\/\\\/vedruna.org\\\/fr\\\/la-mission-vedruna-se-poursuit-a-caceres-par-lintermediaire-du-college-santa-cecilia\\\/\"},\"wordCount\":138,\"publisher\":{\"@id\":\"https:\\\/\\\/vedruna.org\\\/fr\\\/#organization\"},\"image\":{\"@id\":\"https:\\\/\\\/vedruna.org\\\/fr\\\/la-mission-vedruna-se-poursuit-a-caceres-par-lintermediaire-du-college-santa-cecilia\\\/#primaryimage\"},\"thumbnailUrl\":\"https:\\\/\\\/vedruna.org\\\/wp-content\\\/uploads\\\/2026\\\/09\\\/Caceres.jpeg\",\"articleSection\":[\"Province d'Europe\"],\"inLanguage\":\"fr-FR\"},{\"@type\":\"WebPage\",\"@id\":\"https:\\\/\\\/vedruna.org\\\/fr\\\/la-mission-vedruna-se-poursuit-a-caceres-par-lintermediaire-du-college-santa-cecilia\\\/\",\"url\":\"https:\\\/\\\/vedruna.org\\\/fr\\\/la-mission-vedruna-se-poursuit-a-caceres-par-lintermediaire-du-college-santa-cecilia\\\/\",\"name\":\"La mission Vedruna se poursuit \u00e0 C\u00e1ceres par l'interm\u00e9diaire du coll\u00e8ge Santa Cecilia - Carmelitas de la Caridad Vedruna\",\"isPartOf\":{\"@id\":\"https:\\\/\\\/vedruna.org\\\/fr\\\/#website\"},\"primaryImageOfPage\":{\"@id\":\"https:\\\/\\\/vedruna.org\\\/fr\\\/la-mission-vedruna-se-poursuit-a-caceres-par-lintermediaire-du-college-santa-cecilia\\\/#primaryimage\"},\"image\":{\"@id\":\"https:\\\/\\\/vedruna.org\\\/fr\\\/la-mission-vedruna-se-poursuit-a-caceres-par-lintermediaire-du-college-santa-cecilia\\\/#primaryimage\"},\"thumbnailUrl\":\"https:\\\/\\\/vedruna.org\\\/wp-content\\\/uploads\\\/2026\\\/09\\\/Caceres.jpeg\",\"datePublished\":\"2026-09-03T19:43:58+00:00\",\"dateModified\":\"2026-09-03T19:45:02+00:00\",\"description\":\"Apr\u00e8s plus de 135 ans de pr\u00e9sence \u00e0 C\u00e1ceres, o\u00f9 elle a marqu\u00e9 l'histoire de la ville et la vie de nombreuses g\u00e9n\u00e9rations, la communaut\u00e9 des s\u0153urs Vedruna entame une nouvelle \u00e9tape, tandis que le Coll\u00e8ge Sainte-C\u00e9cile poursuit la mise en \u0153uvre de son projet \u00e9ducatif et perp\u00e9tue l'h\u00e9ritage de Sainte-Joaquina dans la ville\",\"breadcrumb\":{\"@id\":\"https:\\\/\\\/vedruna.org\\\/fr\\\/la-mission-vedruna-se-poursuit-a-caceres-par-lintermediaire-du-college-santa-cecilia\\\/#breadcrumb\"},\"inLanguage\":\"fr-FR\",\"potentialAction\":[{\"@type\":\"ReadAction\",\"target\":[\"https:\\\/\\\/vedruna.org\\\/fr\\\/la-mission-vedruna-se-poursuit-a-caceres-par-lintermediaire-du-college-santa-cecilia\\\/\"]}]},{\"@type\":\"ImageObject\",\"inLanguage\":\"fr-FR\",\"@id\":\"https:\\\/\\\/vedruna.org\\\/fr\\\/la-mission-vedruna-se-poursuit-a-caceres-par-lintermediaire-du-college-santa-cecilia\\\/#primaryimage\",\"url\":\"https:\\\/\\\/vedruna.org\\\/wp-content\\\/uploads\\\/2026\\\/09\\\/Caceres.jpeg\",\"contentUrl\":\"https:\\\/\\\/vedruna.org\\\/wp-content\\\/uploads\\\/2026\\\/09\\\/Caceres.jpeg\",\"width\":2000,\"height\":1126},{\"@type\":\"BreadcrumbList\",\"@id\":\"https:\\\/\\\/vedruna.org\\\/fr\\\/la-mission-vedruna-se-poursuit-a-caceres-par-lintermediaire-du-college-santa-cecilia\\\/#breadcrumb\",\"itemListElement\":[{\"@type\":\"ListItem\",\"position\":1,\"name\":\"Portada\",\"item\":\"https:\\\/\\\/vedruna.org\\\/fr\\\/\"},{\"@type\":\"ListItem\",\"position\":2,\"name\":\"La mission Vedruna se poursuit \u00e0 C\u00e1ceres par l&#8217;interm\u00e9diaire du coll\u00e8ge Santa Cecilia\"}]},{\"@type\":\"WebSite\",\"@id\":\"https:\\\/\\\/vedruna.org\\\/fr\\\/#website\",\"url\":\"https:\\\/\\\/vedruna.org\\\/fr\\\/\",\"name\":\"Carmelitas de la Caridad Vedruna\",\"description\":\"Carmelitas de la caridad\",\"publisher\":{\"@id\":\"https:\\\/\\\/vedruna.org\\\/fr\\\/#organization\"},\"potentialAction\":[{\"@type\":\"SearchAction\",\"target\":{\"@type\":\"EntryPoint\",\"urlTemplate\":\"https:\\\/\\\/vedruna.org\\\/fr\\\/?s={search_term_string}\"},\"query-input\":{\"@type\":\"PropertyValueSpecification\",\"valueRequired\":true,\"valueName\":\"search_term_string\"}}],\"inLanguage\":\"fr-FR\"},{\"@type\":\"Organization\",\"@id\":\"https:\\\/\\\/vedruna.org\\\/fr\\\/#organization\",\"name\":\"Carmelitas de la caridad Vedruna\",\"url\":\"https:\\\/\\\/vedruna.org\\\/fr\\\/\",\"logo\":{\"@type\":\"ImageObject\",\"inLanguage\":\"fr-FR\",\"@id\":\"https:\\\/\\\/vedruna.org\\\/fr\\\/#\\\/schema\\\/logo\\\/image\\\/\",\"url\":\"https:\\\/\\\/vedruna.org\\\/wp-content\\\/uploads\\\/2022\\\/04\\\/LOGO-VEDRUNA-HORIZONTAL.png\",\"contentUrl\":\"https:\\\/\\\/vedruna.org\\\/wp-content\\\/uploads\\\/2022\\\/04\\\/LOGO-VEDRUNA-HORIZONTAL.png\",\"width\":1200,\"height\":463,\"caption\":\"Carmelitas de la caridad Vedruna\"},\"image\":{\"@id\":\"https:\\\/\\\/vedruna.org\\\/fr\\\/#\\\/schema\\\/logo\\\/image\\\/\"}},{\"@type\":\"Person\",\"@id\":\"https:\\\/\\\/vedruna.org\\\/fr\\\/#\\\/schema\\\/person\\\/95fe789adf27c2831fc5a049c727edf5\",\"name\":\"Maria Agustina G\u00f3mez\",\"image\":{\"@type\":\"ImageObject\",\"inLanguage\":\"fr-FR\",\"@id\":\"https:\\\/\\\/secure.gravatar.com\\\/avatar\\\/8af3ece86571c098b978434bbc43b948c403c1ae191f09a04e94f916638ceb2c?s=96&d=mm&r=g\",\"url\":\"https:\\\/\\\/secure.gravatar.com\\\/avatar\\\/8af3ece86571c098b978434bbc43b948c403c1ae191f09a04e94f916638ceb2c?s=96&d=mm&r=g\",\"contentUrl\":\"https:\\\/\\\/secure.gravatar.com\\\/avatar\\\/8af3ece86571c098b978434bbc43b948c403c1ae191f09a04e94f916638ceb2c?s=96&d=mm&r=g\",\"caption\":\"Maria Agustina G\u00f3mez\"},\"url\":\"https:\\\/\\\/vedruna.org\\\/fr\\\/author\\\/agustina-gomez\\\/\"}]}<\/script>\n<!-- \/ Yoast SEO plugin. -->","yoast_head_json":{"title":"La mission Vedruna se poursuit \u00e0 C\u00e1ceres par l'interm\u00e9diaire du coll\u00e8ge Santa Cecilia - Carmelitas de la Caridad Vedruna","description":"Apr\u00e8s plus de 135 ans de pr\u00e9sence \u00e0 C\u00e1ceres, o\u00f9 elle a marqu\u00e9 l'histoire de la ville et la vie de nombreuses g\u00e9n\u00e9rations, la communaut\u00e9 des s\u0153urs Vedruna entame une nouvelle \u00e9tape, tandis que le Coll\u00e8ge Sainte-C\u00e9cile poursuit la mise en \u0153uvre de son projet \u00e9ducatif et perp\u00e9tue l'h\u00e9ritage de Sainte-Joaquina dans la ville","robots":{"index":"index","follow":"follow","max-snippet":"max-snippet:-1","max-image-preview":"max-image-preview:large","max-video-preview":"max-video-preview:-1"},"canonical":"https:\/\/vedruna.org\/fr\/la-mission-vedruna-se-poursuit-a-caceres-par-lintermediaire-du-college-santa-cecilia\/","og_locale":"fr_FR","og_type":"article","og_title":"La mission Vedruna se poursuit \u00e0 C\u00e1ceres par l'interm\u00e9diaire du coll\u00e8ge Santa Cecilia - Carmelitas de la Caridad Vedruna","og_description":"Apr\u00e8s plus de 135 ans de pr\u00e9sence \u00e0 C\u00e1ceres, o\u00f9 elle a marqu\u00e9 l'histoire de la ville et la vie de nombreuses g\u00e9n\u00e9rations, la communaut\u00e9 des s\u0153urs Vedruna entame une nouvelle \u00e9tape, tandis que le Coll\u00e8ge Sainte-C\u00e9cile poursuit la mise en \u0153uvre de son projet \u00e9ducatif et perp\u00e9tue l'h\u00e9ritage de Sainte-Joaquina dans la ville","og_url":"https:\/\/vedruna.org\/fr\/la-mission-vedruna-se-poursuit-a-caceres-par-lintermediaire-du-college-santa-cecilia\/","og_site_name":"Carmelitas de la Caridad Vedruna","article_published_time":"2026-09-03T19:43:58+00:00","article_modified_time":"2026-09-03T19:45:02+00:00","og_image":[{"width":2000,"height":1126,"url":"https:\/\/vedruna.org\/wp-content\/uploads\/2026\/09\/Caceres.jpeg","type":"image\/jpeg"}],"author":"Maria Agustina G\u00f3mez","twitter_card":"summary_large_image","twitter_misc":{"\u00c9crit par":"Maria Agustina G\u00f3mez","Dur\u00e9e de lecture estim\u00e9e":"1 minute"},"schema":{"@context":"https:\/\/schema.org","@graph":[{"@type":"Article","@id":"https:\/\/vedruna.org\/fr\/la-mission-vedruna-se-poursuit-a-caceres-par-lintermediaire-du-college-santa-cecilia\/#article","isPartOf":{"@id":"https:\/\/vedruna.org\/fr\/la-mission-vedruna-se-poursuit-a-caceres-par-lintermediaire-du-college-santa-cecilia\/"},"author":{"name":"Maria Agustina G\u00f3mez","@id":"https:\/\/vedruna.org\/fr\/#\/schema\/person\/95fe789adf27c2831fc5a049c727edf5"},"headline":"La mission Vedruna se poursuit \u00e0 C\u00e1ceres par l&rsquo;interm\u00e9diaire du coll\u00e8ge Santa Cecilia","datePublished":"2026-09-03T19:43:58+00:00","dateModified":"2026-09-03T19:45:02+00:00","mainEntityOfPage":{"@id":"https:\/\/vedruna.org\/fr\/la-mission-vedruna-se-poursuit-a-caceres-par-lintermediaire-du-college-santa-cecilia\/"},"wordCount":138,"publisher":{"@id":"https:\/\/vedruna.org\/fr\/#organization"},"image":{"@id":"https:\/\/vedruna.org\/fr\/la-mission-vedruna-se-poursuit-a-caceres-par-lintermediaire-du-college-santa-cecilia\/#primaryimage"},"thumbnailUrl":"https:\/\/vedruna.org\/wp-content\/uploads\/2026\/09\/Caceres.jpeg","articleSection":["Province d'Europe"],"inLanguage":"fr-FR"},{"@type":"WebPage","@id":"https:\/\/vedruna.org\/fr\/la-mission-vedruna-se-poursuit-a-caceres-par-lintermediaire-du-college-santa-cecilia\/","url":"https:\/\/vedruna.org\/fr\/la-mission-vedruna-se-poursuit-a-caceres-par-lintermediaire-du-college-santa-cecilia\/","name":"La mission Vedruna se poursuit \u00e0 C\u00e1ceres par l'interm\u00e9diaire du coll\u00e8ge Santa Cecilia - Carmelitas de la Caridad Vedruna","isPartOf":{"@id":"https:\/\/vedruna.org\/fr\/#website"},"primaryImageOfPage":{"@id":"https:\/\/vedruna.org\/fr\/la-mission-vedruna-se-poursuit-a-caceres-par-lintermediaire-du-college-santa-cecilia\/#primaryimage"},"image":{"@id":"https:\/\/vedruna.org\/fr\/la-mission-vedruna-se-poursuit-a-caceres-par-lintermediaire-du-college-santa-cecilia\/#primaryimage"},"thumbnailUrl":"https:\/\/vedruna.org\/wp-content\/uploads\/2026\/09\/Caceres.jpeg","datePublished":"2026-09-03T19:43:58+00:00","dateModified":"2026-09-03T19:45:02+00:00","description":"Apr\u00e8s plus de 135 ans de pr\u00e9sence \u00e0 C\u00e1ceres, o\u00f9 elle a marqu\u00e9 l'histoire de la ville et la vie de nombreuses g\u00e9n\u00e9rations, la communaut\u00e9 des s\u0153urs Vedruna entame une nouvelle \u00e9tape, tandis que le Coll\u00e8ge Sainte-C\u00e9cile poursuit la mise en \u0153uvre de son projet \u00e9ducatif et perp\u00e9tue l'h\u00e9ritage de Sainte-Joaquina dans la ville","breadcrumb":{"@id":"https:\/\/vedruna.org\/fr\/la-mission-vedruna-se-poursuit-a-caceres-par-lintermediaire-du-college-santa-cecilia\/#breadcrumb"},"inLanguage":"fr-FR","potentialAction":[{"@type":"ReadAction","target":["https:\/\/vedruna.org\/fr\/la-mission-vedruna-se-poursuit-a-caceres-par-lintermediaire-du-college-santa-cecilia\/"]}]},{"@type":"ImageObject","inLanguage":"fr-FR","@id":"https:\/\/vedruna.org\/fr\/la-mission-vedruna-se-poursuit-a-caceres-par-lintermediaire-du-college-santa-cecilia\/#primaryimage","url":"https:\/\/vedruna.org\/wp-content\/uploads\/2026\/09\/Caceres.jpeg","contentUrl":"https:\/\/vedruna.org\/wp-content\/uploads\/2026\/09\/Caceres.jpeg","width":2000,"height":1126},{"@type":"BreadcrumbList","@id":"https:\/\/vedruna.org\/fr\/la-mission-vedruna-se-poursuit-a-caceres-par-lintermediaire-du-college-santa-cecilia\/#breadcrumb","itemListElement":[{"@type":"ListItem","position":1,"name":"Portada","item":"https:\/\/vedruna.org\/fr\/"},{"@type":"ListItem","position":2,"name":"La mission Vedruna se poursuit \u00e0 C\u00e1ceres par l&#8217;interm\u00e9diaire du coll\u00e8ge Santa Cecilia"}]},{"@type":"WebSite","@id":"https:\/\/vedruna.org\/fr\/#website","url":"https:\/\/vedruna.org\/fr\/","name":"Carmelitas de la Caridad Vedruna","description":"Carmelitas de la caridad","publisher":{"@id":"https:\/\/vedruna.org\/fr\/#organization"},"potentialAction":[{"@type":"SearchAction","target":{"@type":"EntryPoint","urlTemplate":"https:\/\/vedruna.org\/fr\/?s={search_term_string}"},"query-input":{"@type":"PropertyValueSpecification","valueRequired":true,"valueName":"search_term_string"}}],"inLanguage":"fr-FR"},{"@type":"Organization","@id":"https:\/\/vedruna.org\/fr\/#organization","name":"Carmelitas de la caridad Vedruna","url":"https:\/\/vedruna.org\/fr\/","logo":{"@type":"ImageObject","inLanguage":"fr-FR","@id":"https:\/\/vedruna.org\/fr\/#\/schema\/logo\/image\/","url":"https:\/\/vedruna.org\/wp-content\/uploads\/2022\/04\/LOGO-VEDRUNA-HORIZONTAL.png","contentUrl":"https:\/\/vedruna.org\/wp-content\/uploads\/2022\/04\/LOGO-VEDRUNA-HORIZONTAL.png","width":1200,"height":463,"caption":"Carmelitas de la caridad Vedruna"},"image":{"@id":"https:\/\/vedruna.org\/fr\/#\/schema\/logo\/image\/"}},{"@type":"Person","@id":"https:\/\/vedruna.org\/fr\/#\/schema\/person\/95fe789adf27c2831fc5a049c727edf5","name":"Maria Agustina G\u00f3mez","image":{"@type":"ImageObject","inLanguage":"fr-FR","@id":"https:\/\/secure.gravatar.com\/avatar\/8af3ece86571c098b978434bbc43b948c403c1ae191f09a04e94f916638ceb2c?s=96&d=mm&r=g","url":"https:\/\/secure.gravatar.com\/avatar\/8af3ece86571c098b978434bbc43b948c403c1ae191f09a04e94f916638ceb2c?s=96&d=mm&r=g","contentUrl":"https:\/\/secure.gravatar.com\/avatar\/8af3ece86571c098b978434bbc43b948c403c1ae191f09a04e94f916638ceb2c?s=96&d=mm&r=g","caption":"Maria Agustina G\u00f3mez"},"url":"https:\/\/vedruna.org\/fr\/author\/agustina-gomez\/"}]}},"_links":{"self":[{"href":"https:\/\/vedruna.org\/fr\/wp-json\/wp\/v2\/posts\/40297","targetHints":{"allow":["GET"]}}],"collection":[{"href":"https:\/\/vedruna.org\/fr\/wp-json\/wp\/v2\/posts"}],"about":[{"href":"https:\/\/vedruna.org\/fr\/wp-json\/wp\/v2\/types\/post"}],"author":[{"embeddable":true,"href":"https:\/\/vedruna.org\/fr\/wp-json\/wp\/v2\/users\/21"}],"replies":[{"embeddable":true,"href":"https:\/\/vedruna.org\/fr\/wp-json\/wp\/v2\/comments?post=40297"}],"version-history":[{"count":1,"href":"https:\/\/vedruna.org\/fr\/wp-json\/wp\/v2\/posts\/40297\/revisions"}],"predecessor-version":[{"id":40299,"href":"https:\/\/vedruna.org\/fr\/wp-json\/wp\/v2\/posts\/40297\/revisions\/40299"}],"wp:featuredmedia":[{"embeddable":true,"href":"https:\/\/vedruna.org\/fr\/wp-json\/wp\/v2\/media\/40298"}],"wp:attachment":[{"href":"https:\/\/vedruna.org\/fr\/wp-json\/wp\/v2\/media?parent=40297"}],"wp:term":[{"taxonomy":"category","embeddable":true,"href":"https:\/\/vedruna.org\/fr\/wp-json\/wp\/v2\/categories?post=40297"},{"taxonomy":"post_tag","embeddable":true,"href":"https:\/\/vedruna.org\/fr\/wp-json\/wp\/v2\/tags?post=40297"}],"curies":[{"name":"wp","href":"https:\/\/api.w.org\/{rel}","templated":true}]}}