{"id":40325,"date":"2026-09-04T10:45:45","date_gmt":"2026-09-04T08:45:45","guid":{"rendered":"https:\/\/vedruna.org\/de-nouvelles-voies-pour-la-vocation-et-la-mission-dans-la-pastorale-vocationnelle-des-jeunes-au-venezuela\/"},"modified":"2026-09-04T10:48:13","modified_gmt":"2026-09-04T08:48:13","slug":"de-nouvelles-voies-pour-la-vocation-et-la-mission-dans-la-pastorale-vocationnelle-des-jeunes-au-venezuela","status":"publish","type":"post","link":"https:\/\/vedruna.org\/fr\/de-nouvelles-voies-pour-la-vocation-et-la-mission-dans-la-pastorale-vocationnelle-des-jeunes-au-venezuela\/","title":{"rendered":"De nouvelles voies pour la vocation et la mission dans la pastorale vocationnelle des jeunes au Venezuela"},"content":{"rendered":"\n<p class=\"wp-block-paragraph\">Les 2 et 3 septembre derniers s&rsquo;est tenue, \u00e0 Anaco, la <strong>I\u00e8re Rencontre vocationnelle<\/strong>, un espace de rencontre, de r\u00e9flexion et de discernement destin\u00e9 \u00e0 approfondir l\u2019appel de Dieu et \u00e0 faire conna\u00eetre le charisme des <strong>Carm\u00e9lites de la Charit\u00e9 de Vedruna<\/strong>, h\u00e9ritage initi\u00e9 il y a 200 ans en Espagne par <strong>sainte Joquine de Vedruna<\/strong>.<\/p>\n\n<p class=\"wp-block-paragraph\"><strong>Huit jeunes<\/strong> ont particip\u00e9 \u00e0 cette rencontre : sept originaires d&rsquo;Anaco et une ancienne \u00e9l\u00e8ve du Coll\u00e8ge El Carmelo de Caracas. Plus qu&rsquo;une invitation imm\u00e9diate \u00e0 la vie religieuse, cette exp\u00e9rience vise \u00e0 offrir \u00e0 chaque participante les outils qui lui permettront de <strong>reconna\u00eetre, d&rsquo;\u00e9couter et de discerner le projet de Dieu dans sa propre vie<\/strong>, dans un esprit de libert\u00e9 et d&rsquo;amour. <\/p>\n\n<p class=\"wp-block-paragraph\">Au cours de ces journ\u00e9es, des th\u00e8mes fondamentaux ont \u00e9t\u00e9 abord\u00e9s, tels que la foi, la suite du Christ, la vocation, le discernement, la mission et la vie de sainte Joquine. \u00c0 travers des moments de r\u00e9flexion, de pri\u00e8re et de partage, les jeunes ont \u00e9t\u00e9 invit\u00e9s \u00e0 s\u2019interroger sur le sens de leur vie et sur la mission \u00e0 laquelle ils sont appel\u00e9s. <\/p>\n\n<blockquote class=\"wp-block-quote is-layout-flow wp-block-quote-is-layout-flow\">\n<p class=\"wp-block-paragraph\"><strong>De la r\u00e9flexion \u00e0 l&rsquo;action. L&rsquo;exp\u00e9rience des jeunes participantes. <\/strong><\/p>\n\n\n\n<p class=\"wp-block-paragraph\">Ce moment de partage a \u00e9t\u00e9 l\u2019occasion <strong>d\u2019ouvrir son c\u0153ur, de d\u00e9couvrir le sens de notre vie et de reconna\u00eetre la vocation comme un chemin de r\u00e9ponse \u00e0 l\u2019amour de Dieu<\/strong>. Chaque personne est appel\u00e9e de mani\u00e8re unique et est invit\u00e9e \u00e0 d\u00e9couvrir comment mettre ses dons au service des autres et de l\u2019\u00e9dification du Royaume de Dieu. <\/p>\n\n\n\n<p class=\"wp-block-paragraph\">Guid\u00e9s par le Saint-Esprit, nous avons peu \u00e0 peu d\u00e9couvert que toute vie na\u00eet avec une mission. Dieu nous regarde avec amour et nous invite : <strong>\u00ab Venez et suivez-moi \u00bb.<\/strong> Son appel n\u2019est pas conditionn\u00e9 par nos limites ou nos manques, mais il fait br\u00fbler en nous le feu de son amour et nous offre l\u2019eau vive qui renouvelle notre foi et nous pousse \u00e0 aller \u00e0 la rencontre des autres.  <\/p>\n<\/blockquote>\n<div class=\"pgc-sgb-cb wp-block-pgcsimplygalleryblock-justified \" data-gallery-id=\"d3250030\"><div class=\"sgb-preloader\" id=\"pr_d3250030\">\n\t<div class=\"sgb-square\" style=\"background:#d4d4d4\"><\/div>\n\t<div class=\"sgb-square\" style=\"background:#d4d4d4\"><\/div>\n\t<div class=\"sgb-square\" style=\"background:#d4d4d4\"><\/div>\n\t<div class=\"sgb-square\" style=\"background:#d4d4d4\"><\/div><\/div><div class=\"simply-gallery-amp pgc_sgb_slider \"><noscript><div class=\"sgb-gallery\"><div class=\"sgb-item\"><a href=\"https:\/\/vedruna.org\/jovenes-pjv-anaco-5\/\" target=\"_blank\"><img decoding=\"async\" alt=\"\" width=\"225\" height=\"300\" loading=\"lazy\" src=\"https:\/\/vedruna.org\/wp-content\/uploads\/2026\/09\/JOVENES-PJV-ANACO-5-225x300.jpeg\" srcset=\"https:\/\/vedruna.org\/wp-content\/uploads\/2026\/09\/JOVENES-PJV-ANACO-5-225x300.jpeg 225w,https:\/\/vedruna.org\/wp-content\/uploads\/2026\/09\/JOVENES-PJV-ANACO-5-768x1024.jpeg 768w,https:\/\/vedruna.org\/wp-content\/uploads\/2026\/09\/JOVENES-PJV-ANACO-5.jpeg 810w\" sizes=\"250px\"\/><\/a><\/div><div class=\"sgb-item\"><a href=\"https:\/\/vedruna.org\/jovenes-pjv-anaco-4\/\" target=\"_blank\"><img decoding=\"async\" alt=\"\" width=\"225\" height=\"300\" loading=\"lazy\" src=\"https:\/\/vedruna.org\/wp-content\/uploads\/2026\/09\/JOVENES-PJV-ANACO-4-225x300.jpeg\" srcset=\"https:\/\/vedruna.org\/wp-content\/uploads\/2026\/09\/JOVENES-PJV-ANACO-4-225x300.jpeg 225w,https:\/\/vedruna.org\/wp-content\/uploads\/2026\/09\/JOVENES-PJV-ANACO-4-768x1024.jpeg 768w,https:\/\/vedruna.org\/wp-content\/uploads\/2026\/09\/JOVENES-PJV-ANACO-4.jpeg 810w\" sizes=\"250px\"\/><\/a><\/div><div class=\"sgb-item\"><a href=\"https:\/\/vedruna.org\/jovenes-pjv-anaco-3\/\" target=\"_blank\"><img decoding=\"async\" alt=\"\" width=\"225\" height=\"300\" loading=\"lazy\" src=\"https:\/\/vedruna.org\/wp-content\/uploads\/2026\/09\/JOVENES-PJV-ANACO-3-225x300.jpeg\" srcset=\"https:\/\/vedruna.org\/wp-content\/uploads\/2026\/09\/JOVENES-PJV-ANACO-3-225x300.jpeg 225w,https:\/\/vedruna.org\/wp-content\/uploads\/2026\/09\/JOVENES-PJV-ANACO-3-768x1024.jpeg 768w,https:\/\/vedruna.org\/wp-content\/uploads\/2026\/09\/JOVENES-PJV-ANACO-3.jpeg 810w\" sizes=\"250px\"\/><\/a><\/div><div class=\"sgb-item\"><a href=\"https:\/\/vedruna.org\/pjv-anaco-6\/\" target=\"_blank\"><img decoding=\"async\" alt=\"\" width=\"300\" height=\"225\" loading=\"lazy\" src=\"https:\/\/vedruna.org\/wp-content\/uploads\/2026\/09\/pjv-anaco-6-300x225.jpeg\" srcset=\"https:\/\/vedruna.org\/wp-content\/uploads\/2026\/09\/pjv-anaco-6-300x225.jpeg 300w,https:\/\/vedruna.org\/wp-content\/uploads\/2026\/09\/pjv-anaco-6.jpeg 1016w\" sizes=\"250px\"\/><\/a><\/div><div class=\"sgb-item\"><a href=\"https:\/\/vedruna.org\/jovenes-pjv-anaco-1\/\" target=\"_blank\"><img decoding=\"async\" alt=\"\" width=\"225\" height=\"300\" loading=\"lazy\" src=\"https:\/\/vedruna.org\/wp-content\/uploads\/2026\/09\/JOVENES-PJV-ANACO-1-225x300.jpeg\" srcset=\"https:\/\/vedruna.org\/wp-content\/uploads\/2026\/09\/JOVENES-PJV-ANACO-1-225x300.jpeg 225w,https:\/\/vedruna.org\/wp-content\/uploads\/2026\/09\/JOVENES-PJV-ANACO-1-768x1024.jpeg 768w,https:\/\/vedruna.org\/wp-content\/uploads\/2026\/09\/JOVENES-PJV-ANACO-1.jpeg 810w\" sizes=\"250px\"\/><\/a><\/div><div class=\"sgb-item\"><a href=\"https:\/\/vedruna.org\/jovenes-pjv-anaco-2\/\" target=\"_blank\"><img decoding=\"async\" alt=\"\" width=\"225\" height=\"300\" loading=\"lazy\" src=\"https:\/\/vedruna.org\/wp-content\/uploads\/2026\/09\/JOVENES-PJV-ANACO-2-225x300.jpeg\" srcset=\"https:\/\/vedruna.org\/wp-content\/uploads\/2026\/09\/JOVENES-PJV-ANACO-2-225x300.jpeg 225w,https:\/\/vedruna.org\/wp-content\/uploads\/2026\/09\/JOVENES-PJV-ANACO-2-768x1024.jpeg 768w,https:\/\/vedruna.org\/wp-content\/uploads\/2026\/09\/JOVENES-PJV-ANACO-2.jpeg 810w\" sizes=\"250px\"\/><\/a><\/div><\/div><\/noscript><\/div><script type=\"application\/json\" class=\"sgb-data\">{\"lastRowFill\":true,\"externalLink\":false,\"captions\":false,\"collectionThumbSubMenuDownload\":false,\"collectionThumbSubMenuShare\":false,\"galleryType\":\"pgc_sgb_justified\",\"galleryId\":\"d3250030\",\"images\":[{\"id\":40312,\"title\":\"JOVENES-PJV-ANACO-5\",\"url\":\"https:\/\/vedruna.org\/wp-content\/uploads\/2026\/09\/JOVENES-PJV-ANACO-5.jpeg\",\"link\":\"https:\/\/vedruna.org\/jovenes-pjv-anaco-5\/\",\"alt\":\"\",\"description\":\"\",\"caption\":\"\",\"mime\":\"image\/jpeg\",\"type\":\"image\",\"width\":810,\"height\":1080,\"sizes\":{\"thumbnail\":{\"height\":150,\"width\":150,\"url\":\"https:\/\/vedruna.org\/wp-content\/uploads\/2026\/09\/JOVENES-PJV-ANACO-5-150x150.jpeg\",\"orientation\":\"landscape\"},\"medium\":{\"height\":300,\"width\":225,\"url\":\"https:\/\/vedruna.org\/wp-content\/uploads\/2026\/09\/JOVENES-PJV-ANACO-5-225x300.jpeg\",\"orientation\":\"portrait\"},\"large\":{\"height\":1024,\"width\":768,\"url\":\"https:\/\/vedruna.org\/wp-content\/uploads\/2026\/09\/JOVENES-PJV-ANACO-5-768x1024.jpeg\",\"orientation\":\"portrait\"},\"full\":{\"url\":\"https:\/\/vedruna.org\/wp-content\/uploads\/2026\/09\/JOVENES-PJV-ANACO-5.jpeg\",\"height\":1080,\"width\":810,\"orientation\":\"portrait\"}},\"imageMeta\":{\"aperture\":\"0\",\"credit\":\"\",\"camera\":\"\",\"caption\":\"\",\"created_timestamp\":\"0\",\"copyright\":\"\",\"focal_length\":\"0\",\"iso\":\"0\",\"shutter_speed\":\"0\",\"title\":\"\",\"orientation\":\"0\",\"keywords\":[],\"alt\":\"\"},\"meta\":false,\"postlink\":\"https:\/\/vedruna.org\/jovenes-pjv-anaco-5\/\"},{\"id\":40311,\"title\":\"JOVENES-PJV-ANACO-4\",\"url\":\"https:\/\/vedruna.org\/wp-content\/uploads\/2026\/09\/JOVENES-PJV-ANACO-4.jpeg\",\"link\":\"https:\/\/vedruna.org\/jovenes-pjv-anaco-4\/\",\"alt\":\"\",\"description\":\"\",\"caption\":\"\",\"mime\":\"image\/jpeg\",\"type\":\"image\",\"width\":810,\"height\":1080,\"sizes\":{\"thumbnail\":{\"height\":150,\"width\":150,\"url\":\"https:\/\/vedruna.org\/wp-content\/uploads\/2026\/09\/JOVENES-PJV-ANACO-4-150x150.jpeg\",\"orientation\":\"landscape\"},\"medium\":{\"height\":300,\"width\":225,\"url\":\"https:\/\/vedruna.org\/wp-content\/uploads\/2026\/09\/JOVENES-PJV-ANACO-4-225x300.jpeg\",\"orientation\":\"portrait\"},\"large\":{\"height\":1024,\"width\":768,\"url\":\"https:\/\/vedruna.org\/wp-content\/uploads\/2026\/09\/JOVENES-PJV-ANACO-4-768x1024.jpeg\",\"orientation\":\"portrait\"},\"full\":{\"url\":\"https:\/\/vedruna.org\/wp-content\/uploads\/2026\/09\/JOVENES-PJV-ANACO-4.jpeg\",\"height\":1080,\"width\":810,\"orientation\":\"portrait\"}},\"imageMeta\":{\"aperture\":\"0\",\"credit\":\"\",\"camera\":\"\",\"caption\":\"\",\"created_timestamp\":\"0\",\"copyright\":\"\",\"focal_length\":\"0\",\"iso\":\"0\",\"shutter_speed\":\"0\",\"title\":\"\",\"orientation\":\"0\",\"keywords\":[],\"alt\":\"\"},\"meta\":false,\"postlink\":\"https:\/\/vedruna.org\/jovenes-pjv-anaco-4\/\"},{\"id\":40310,\"title\":\"JOVENES-PJV-ANACO-3\",\"url\":\"https:\/\/vedruna.org\/wp-content\/uploads\/2026\/09\/JOVENES-PJV-ANACO-3.jpeg\",\"link\":\"https:\/\/vedruna.org\/jovenes-pjv-anaco-3\/\",\"alt\":\"\",\"description\":\"\",\"caption\":\"\",\"mime\":\"image\/jpeg\",\"type\":\"image\",\"width\":810,\"height\":1080,\"sizes\":{\"thumbnail\":{\"height\":150,\"width\":150,\"url\":\"https:\/\/vedruna.org\/wp-content\/uploads\/2026\/09\/JOVENES-PJV-ANACO-3-150x150.jpeg\",\"orientation\":\"landscape\"},\"medium\":{\"height\":300,\"width\":225,\"url\":\"https:\/\/vedruna.org\/wp-content\/uploads\/2026\/09\/JOVENES-PJV-ANACO-3-225x300.jpeg\",\"orientation\":\"portrait\"},\"large\":{\"height\":1024,\"width\":768,\"url\":\"https:\/\/vedruna.org\/wp-content\/uploads\/2026\/09\/JOVENES-PJV-ANACO-3-768x1024.jpeg\",\"orientation\":\"portrait\"},\"full\":{\"url\":\"https:\/\/vedruna.org\/wp-content\/uploads\/2026\/09\/JOVENES-PJV-ANACO-3.jpeg\",\"height\":1080,\"width\":810,\"orientation\":\"portrait\"}},\"imageMeta\":{\"aperture\":\"0\",\"credit\":\"\",\"camera\":\"\",\"caption\":\"\",\"created_timestamp\":\"0\",\"copyright\":\"\",\"focal_length\":\"0\",\"iso\":\"0\",\"shutter_speed\":\"0\",\"title\":\"\",\"orientation\":\"0\",\"keywords\":[],\"alt\":\"\"},\"meta\":false,\"postlink\":\"https:\/\/vedruna.org\/jovenes-pjv-anaco-3\/\"},{\"id\":40307,\"title\":\"pjv-anaco-6\",\"url\":\"https:\/\/vedruna.org\/wp-content\/uploads\/2026\/09\/pjv-anaco-6.jpeg\",\"link\":\"https:\/\/vedruna.org\/pjv-anaco-6\/\",\"alt\":\"\",\"description\":\"\",\"caption\":\"\",\"mime\":\"image\/jpeg\",\"type\":\"image\",\"width\":1016,\"height\":762,\"sizes\":{\"thumbnail\":{\"height\":150,\"width\":150,\"url\":\"https:\/\/vedruna.org\/wp-content\/uploads\/2026\/09\/pjv-anaco-6-150x150.jpeg\",\"orientation\":\"landscape\"},\"medium\":{\"height\":225,\"width\":300,\"url\":\"https:\/\/vedruna.org\/wp-content\/uploads\/2026\/09\/pjv-anaco-6-300x225.jpeg\",\"orientation\":\"landscape\"},\"full\":{\"url\":\"https:\/\/vedruna.org\/wp-content\/uploads\/2026\/09\/pjv-anaco-6.jpeg\",\"height\":762,\"width\":1016,\"orientation\":\"landscape\"}},\"imageMeta\":{\"aperture\":\"0\",\"credit\":\"\",\"camera\":\"\",\"caption\":\"\",\"created_timestamp\":\"0\",\"copyright\":\"\",\"focal_length\":\"0\",\"iso\":\"0\",\"shutter_speed\":\"0\",\"title\":\"\",\"orientation\":\"0\",\"keywords\":[],\"alt\":\"\"},\"meta\":false,\"postlink\":\"https:\/\/vedruna.org\/pjv-anaco-6\/\"},{\"id\":40308,\"title\":\"JOVENES-PJV-ANACO-1\",\"url\":\"https:\/\/vedruna.org\/wp-content\/uploads\/2026\/09\/JOVENES-PJV-ANACO-1.jpeg\",\"link\":\"https:\/\/vedruna.org\/jovenes-pjv-anaco-1\/\",\"alt\":\"\",\"description\":\"\",\"caption\":\"\",\"mime\":\"image\/jpeg\",\"type\":\"image\",\"width\":810,\"height\":1080,\"sizes\":{\"thumbnail\":{\"height\":150,\"width\":150,\"url\":\"https:\/\/vedruna.org\/wp-content\/uploads\/2026\/09\/JOVENES-PJV-ANACO-1-150x150.jpeg\",\"orientation\":\"landscape\"},\"medium\":{\"height\":300,\"width\":225,\"url\":\"https:\/\/vedruna.org\/wp-content\/uploads\/2026\/09\/JOVENES-PJV-ANACO-1-225x300.jpeg\",\"orientation\":\"portrait\"},\"large\":{\"height\":1024,\"width\":768,\"url\":\"https:\/\/vedruna.org\/wp-content\/uploads\/2026\/09\/JOVENES-PJV-ANACO-1-768x1024.jpeg\",\"orientation\":\"portrait\"},\"full\":{\"url\":\"https:\/\/vedruna.org\/wp-content\/uploads\/2026\/09\/JOVENES-PJV-ANACO-1.jpeg\",\"height\":1080,\"width\":810,\"orientation\":\"portrait\"}},\"imageMeta\":{\"aperture\":\"0\",\"credit\":\"\",\"camera\":\"\",\"caption\":\"\",\"created_timestamp\":\"0\",\"copyright\":\"\",\"focal_length\":\"0\",\"iso\":\"0\",\"shutter_speed\":\"0\",\"title\":\"\",\"orientation\":\"0\",\"keywords\":[],\"alt\":\"\"},\"meta\":false,\"postlink\":\"https:\/\/vedruna.org\/jovenes-pjv-anaco-1\/\"},{\"id\":40309,\"title\":\"JOVENES-PJV-ANACO-2\",\"url\":\"https:\/\/vedruna.org\/wp-content\/uploads\/2026\/09\/JOVENES-PJV-ANACO-2.jpeg\",\"link\":\"https:\/\/vedruna.org\/jovenes-pjv-anaco-2\/\",\"alt\":\"\",\"description\":\"\",\"caption\":\"\",\"mime\":\"image\/jpeg\",\"type\":\"image\",\"width\":810,\"height\":1080,\"sizes\":{\"thumbnail\":{\"height\":150,\"width\":150,\"url\":\"https:\/\/vedruna.org\/wp-content\/uploads\/2026\/09\/JOVENES-PJV-ANACO-2-150x150.jpeg\",\"orientation\":\"landscape\"},\"medium\":{\"height\":300,\"width\":225,\"url\":\"https:\/\/vedruna.org\/wp-content\/uploads\/2026\/09\/JOVENES-PJV-ANACO-2-225x300.jpeg\",\"orientation\":\"portrait\"},\"large\":{\"height\":1024,\"width\":768,\"url\":\"https:\/\/vedruna.org\/wp-content\/uploads\/2026\/09\/JOVENES-PJV-ANACO-2-768x1024.jpeg\",\"orientation\":\"portrait\"},\"full\":{\"url\":\"https:\/\/vedruna.org\/wp-content\/uploads\/2026\/09\/JOVENES-PJV-ANACO-2.jpeg\",\"height\":1080,\"width\":810,\"orientation\":\"portrait\"}},\"imageMeta\":{\"aperture\":\"0\",\"credit\":\"\",\"camera\":\"\",\"caption\":\"\",\"created_timestamp\":\"0\",\"copyright\":\"\",\"focal_length\":\"0\",\"iso\":\"0\",\"shutter_speed\":\"0\",\"title\":\"\",\"orientation\":\"0\",\"keywords\":[],\"alt\":\"\"},\"meta\":false,\"postlink\":\"https:\/\/vedruna.org\/jovenes-pjv-anaco-2\/\"}],\"useClobalSettings\":true,\"shareFacebook\":false,\"shareTwitter\":false,\"sharePinterest\":false,\"sliderItemDownload\":false,\"shareCopyLink\":false,\"sliderItemCounterEnable\":false,\"sliderItemTitleFontSize\":20,\"sliderSlideshow\":false,\"sliderSocialShareEnabled\":false,\"sliderZoomEnable\":false,\"translatedWithWPMLTM\":\"1\",\"itemsMetaDataCollection\":[]}<\/script><script>(function(){if(window.PGC_SGB && window.PGC_SGB.searcher){window.PGC_SGB.searcher.initBlocks()}})()<\/script><\/div>\n<div style=\"height:25px\" aria-hidden=\"true\" class=\"wp-block-spacer\"><\/div>\n\n<p class=\"wp-block-paragraph\">Sur ce chemin de recherche et de discernement, la vie de <strong>sainte Joaquina de Vedruna<\/strong> reste une source d\u2019inspiration. Elle a su \u00e9couter la voix de Dieu, d\u00e9couvrir sa mission et y r\u00e9pondre avec g\u00e9n\u00e9rosit\u00e9, laissant en h\u00e9ritage une invitation qui continue aujourd\u2019hui encore d\u2019\u00e9clairer notre chemin : <strong>\u00ab Faites tout par amour et rien par contrainte \u00bb.<\/strong> <\/p>\n\n<p class=\"wp-block-paragraph\"><strong>L&rsquo;\u00e9quipe nationale de pastorale vocationnelle<\/strong>, compos\u00e9e des s\u0153urs Vedruna et de membres de nos communaut\u00e9s \u00e9ducatives, continuera \u00e0 accompagner \u00e9troitement chaque participant, en respectant son parcours et en l&rsquo;encourageant \u00e0 d\u00e9couvrir, en toute libert\u00e9 et en toute confiance, la mission sp\u00e9cifique \u00e0 laquelle Dieu l&rsquo;appelle.<\/p>\n\n<p class=\"wp-block-paragraph\">Cette premi\u00e8re rencontre marque ainsi le d\u00e9but <strong>d\u2019une nouvelle \u00e9tape pour la pastorale des jeunes et des vocations au Venezuela<\/strong>, plac\u00e9e sous le signe de l\u2019\u00e9coute, de l\u2019accompagnement et de la volont\u00e9 de cheminer aux c\u00f4t\u00e9s des jeunes dans la recherche de leur vocation et de leur projet de vie.<\/p>\n\n<blockquote class=\"wp-block-quote is-layout-flow wp-block-quote-is-layout-flow\">\n<p class=\"wp-block-paragraph\"><strong>\u00ab Faites tout par amour et rien par la contrainte. \u00bb<\/strong><br\/><em>Sainte Joaquina de Vedruna<\/em><\/p>\n<\/blockquote>\n\n<p class=\"has-text-align-right wp-block-paragraph\"><strong><em>\u00c9quipe de pastorale des vocations du Venezuela<\/em><\/strong><\/p>\n<div class=\"pgc-sgb-cb wp-block-pgcsimplygalleryblock-slider \" data-gallery-id=\"77d43662\"style=&quot;min-height:320px&quot;><div class=\"sgb-preloader\" id=\"pr_77d43662\">\n\t<div class=\"sgb-square\" style=\"background:#d4d4d4\"><\/div>\n\t<div class=\"sgb-square\" style=\"background:#d4d4d4\"><\/div>\n\t<div class=\"sgb-square\" style=\"background:#d4d4d4\"><\/div>\n\t<div class=\"sgb-square\" style=\"background:#d4d4d4\"><\/div><\/div><div class=\"simply-gallery-amp pgc_sgb_slider \"><noscript><div class=\"sgb-gallery\"><div class=\"sgb-item\"><a href=\"https:\/\/vedruna.org\/wp-content\/uploads\/2026\/09\/pjv-anaco-6.jpeg\"><img decoding=\"async\" alt=\"\" width=\"300\" height=\"225\" loading=\"lazy\" src=\"https:\/\/vedruna.org\/wp-content\/uploads\/2026\/09\/pjv-anaco-6-300x225.jpeg\" srcset=\"https:\/\/vedruna.org\/wp-content\/uploads\/2026\/09\/pjv-anaco-6-300x225.jpeg 300w,https:\/\/vedruna.org\/wp-content\/uploads\/2026\/09\/pjv-anaco-6.jpeg 1016w\" sizes=\"250px\"\/><\/a><\/div><div class=\"sgb-item\"><a href=\"https:\/\/vedruna.org\/wp-content\/uploads\/2026\/09\/pjv-anaco-5.jpeg\"><img decoding=\"async\" alt=\"\" width=\"300\" height=\"225\" loading=\"lazy\" src=\"https:\/\/vedruna.org\/wp-content\/uploads\/2026\/09\/pjv-anaco-5-300x225.jpeg\" srcset=\"https:\/\/vedruna.org\/wp-content\/uploads\/2026\/09\/pjv-anaco-5-300x225.jpeg 300w,https:\/\/vedruna.org\/wp-content\/uploads\/2026\/09\/pjv-anaco-5-1024x768.jpeg 1024w,https:\/\/vedruna.org\/wp-content\/uploads\/2026\/09\/pjv-anaco-5.jpeg 1080w\" sizes=\"250px\"\/><\/a><\/div><div class=\"sgb-item\"><a href=\"https:\/\/vedruna.org\/wp-content\/uploads\/2026\/09\/pjv-anaco-4-1.jpeg\"><img decoding=\"async\" alt=\"\" width=\"225\" height=\"300\" loading=\"lazy\" src=\"https:\/\/vedruna.org\/wp-content\/uploads\/2026\/09\/pjv-anaco-4-1-225x300.jpeg\" srcset=\"https:\/\/vedruna.org\/wp-content\/uploads\/2026\/09\/pjv-anaco-4-1-225x300.jpeg 225w,https:\/\/vedruna.org\/wp-content\/uploads\/2026\/09\/pjv-anaco-4-1.jpeg 762w\" sizes=\"250px\"\/><\/a><\/div><div class=\"sgb-item\"><a href=\"https:\/\/vedruna.org\/wp-content\/uploads\/2026\/09\/pjv-anaco-4.jpeg\"><img decoding=\"async\" alt=\"\" width=\"225\" height=\"300\" loading=\"lazy\" src=\"https:\/\/vedruna.org\/wp-content\/uploads\/2026\/09\/pjv-anaco-4-225x300.jpeg\" srcset=\"https:\/\/vedruna.org\/wp-content\/uploads\/2026\/09\/pjv-anaco-4-225x300.jpeg 225w,https:\/\/vedruna.org\/wp-content\/uploads\/2026\/09\/pjv-anaco-4-768x1024.jpeg 768w,https:\/\/vedruna.org\/wp-content\/uploads\/2026\/09\/pjv-anaco-4.jpeg 810w\" sizes=\"250px\"\/><\/a><\/div><div class=\"sgb-item\"><a href=\"https:\/\/vedruna.org\/wp-content\/uploads\/2026\/09\/pjv-anaco-3.jpeg\"><img decoding=\"async\" alt=\"\" width=\"225\" height=\"300\" loading=\"lazy\" src=\"https:\/\/vedruna.org\/wp-content\/uploads\/2026\/09\/pjv-anaco-3-225x300.jpeg\" srcset=\"https:\/\/vedruna.org\/wp-content\/uploads\/2026\/09\/pjv-anaco-3-225x300.jpeg 225w,https:\/\/vedruna.org\/wp-content\/uploads\/2026\/09\/pjv-anaco-3-768x1024.jpeg 768w,https:\/\/vedruna.org\/wp-content\/uploads\/2026\/09\/pjv-anaco-3.jpeg 810w\" sizes=\"250px\"\/><\/a><\/div><div class=\"sgb-item\"><a href=\"https:\/\/vedruna.org\/wp-content\/uploads\/2026\/09\/pjv-anaco-2.jpeg\"><img decoding=\"async\" alt=\"\" width=\"300\" height=\"225\" loading=\"lazy\" src=\"https:\/\/vedruna.org\/wp-content\/uploads\/2026\/09\/pjv-anaco-2-300x225.jpeg\" srcset=\"https:\/\/vedruna.org\/wp-content\/uploads\/2026\/09\/pjv-anaco-2-300x225.jpeg 300w,https:\/\/vedruna.org\/wp-content\/uploads\/2026\/09\/pjv-anaco-2-1024x768.jpeg 1024w,https:\/\/vedruna.org\/wp-content\/uploads\/2026\/09\/pjv-anaco-2.jpeg 1080w\" sizes=\"250px\"\/><\/a><\/div><div class=\"sgb-item\"><a href=\"https:\/\/vedruna.org\/wp-content\/uploads\/2026\/09\/pjv-anaco-1.jpeg\"><img decoding=\"async\" alt=\"\" width=\"300\" height=\"196\" loading=\"lazy\" src=\"https:\/\/vedruna.org\/wp-content\/uploads\/2026\/09\/pjv-anaco-1-300x196.jpeg\" srcset=\"https:\/\/vedruna.org\/wp-content\/uploads\/2026\/09\/pjv-anaco-1-300x196.jpeg 300w,https:\/\/vedruna.org\/wp-content\/uploads\/2026\/09\/pjv-anaco-1-1024x668.jpeg 1024w,https:\/\/vedruna.org\/wp-content\/uploads\/2026\/09\/pjv-anaco-1.jpeg 1080w\" sizes=\"250px\"\/><\/a><\/div><\/div><\/noscript><\/div><script type=\"application\/json\" class=\"sgb-data\">{\"externalLink\":false,\"captions\":false,\"collectionThumbSubMenuDownload\":false,\"collectionThumbSubMenuShare\":false,\"sliderMaxHeight\":320,\"sliderAdminWidth\":823,\"responsiveHeight\":true,\"galleryType\":\"pgc_sgb_slider\",\"galleryId\":\"77d43662\",\"images\":[{\"id\":40307,\"title\":\"pjv-anaco-6\",\"url\":\"https:\/\/vedruna.org\/wp-content\/uploads\/2026\/09\/pjv-anaco-6.jpeg\",\"link\":\"https:\/\/vedruna.org\/pjv-anaco-6\/\",\"alt\":\"\",\"description\":\"\",\"caption\":\"\",\"mime\":\"image\/jpeg\",\"type\":\"image\",\"width\":1016,\"height\":762,\"sizes\":{\"thumbnail\":{\"height\":150,\"width\":150,\"url\":\"https:\/\/vedruna.org\/wp-content\/uploads\/2026\/09\/pjv-anaco-6-150x150.jpeg\",\"orientation\":\"landscape\"},\"medium\":{\"height\":225,\"width\":300,\"url\":\"https:\/\/vedruna.org\/wp-content\/uploads\/2026\/09\/pjv-anaco-6-300x225.jpeg\",\"orientation\":\"landscape\"},\"full\":{\"url\":\"https:\/\/vedruna.org\/wp-content\/uploads\/2026\/09\/pjv-anaco-6.jpeg\",\"height\":762,\"width\":1016,\"orientation\":\"landscape\"}},\"imageMeta\":{\"aperture\":\"0\",\"credit\":\"\",\"camera\":\"\",\"caption\":\"\",\"created_timestamp\":\"0\",\"copyright\":\"\",\"focal_length\":\"0\",\"iso\":\"0\",\"shutter_speed\":\"0\",\"title\":\"\",\"orientation\":\"0\",\"keywords\":[],\"alt\":\"\"},\"meta\":false},{\"id\":40306,\"title\":\"pjv-anaco-5\",\"url\":\"https:\/\/vedruna.org\/wp-content\/uploads\/2026\/09\/pjv-anaco-5.jpeg\",\"link\":\"https:\/\/vedruna.org\/pjv-anaco-5\/\",\"alt\":\"\",\"description\":\"\",\"caption\":\"\",\"mime\":\"image\/jpeg\",\"type\":\"image\",\"width\":1080,\"height\":810,\"sizes\":{\"thumbnail\":{\"height\":150,\"width\":150,\"url\":\"https:\/\/vedruna.org\/wp-content\/uploads\/2026\/09\/pjv-anaco-5-150x150.jpeg\",\"orientation\":\"landscape\"},\"medium\":{\"height\":225,\"width\":300,\"url\":\"https:\/\/vedruna.org\/wp-content\/uploads\/2026\/09\/pjv-anaco-5-300x225.jpeg\",\"orientation\":\"landscape\"},\"large\":{\"height\":768,\"width\":1024,\"url\":\"https:\/\/vedruna.org\/wp-content\/uploads\/2026\/09\/pjv-anaco-5-1024x768.jpeg\",\"orientation\":\"landscape\"},\"full\":{\"url\":\"https:\/\/vedruna.org\/wp-content\/uploads\/2026\/09\/pjv-anaco-5.jpeg\",\"height\":810,\"width\":1080,\"orientation\":\"landscape\"}},\"imageMeta\":{\"aperture\":\"0\",\"credit\":\"\",\"camera\":\"\",\"caption\":\"\",\"created_timestamp\":\"0\",\"copyright\":\"\",\"focal_length\":\"0\",\"iso\":\"0\",\"shutter_speed\":\"0\",\"title\":\"\",\"orientation\":\"0\",\"keywords\":[],\"alt\":\"\"},\"meta\":false},{\"id\":40305,\"title\":\"pjv-anaco-4-1\",\"url\":\"https:\/\/vedruna.org\/wp-content\/uploads\/2026\/09\/pjv-anaco-4-1.jpeg\",\"link\":\"https:\/\/vedruna.org\/pjv-anaco-4-1\/\",\"alt\":\"\",\"description\":\"\",\"caption\":\"\",\"mime\":\"image\/jpeg\",\"type\":\"image\",\"width\":762,\"height\":1016,\"sizes\":{\"thumbnail\":{\"height\":150,\"width\":150,\"url\":\"https:\/\/vedruna.org\/wp-content\/uploads\/2026\/09\/pjv-anaco-4-1-150x150.jpeg\",\"orientation\":\"landscape\"},\"medium\":{\"height\":300,\"width\":225,\"url\":\"https:\/\/vedruna.org\/wp-content\/uploads\/2026\/09\/pjv-anaco-4-1-225x300.jpeg\",\"orientation\":\"portrait\"},\"full\":{\"url\":\"https:\/\/vedruna.org\/wp-content\/uploads\/2026\/09\/pjv-anaco-4-1.jpeg\",\"height\":1016,\"width\":762,\"orientation\":\"portrait\"}},\"imageMeta\":{\"aperture\":\"0\",\"credit\":\"\",\"camera\":\"\",\"caption\":\"\",\"created_timestamp\":\"0\",\"copyright\":\"\",\"focal_length\":\"0\",\"iso\":\"0\",\"shutter_speed\":\"0\",\"title\":\"\",\"orientation\":\"0\",\"keywords\":[],\"alt\":\"\"},\"meta\":false},{\"id\":40304,\"title\":\"pjv-anaco-4\",\"url\":\"https:\/\/vedruna.org\/wp-content\/uploads\/2026\/09\/pjv-anaco-4.jpeg\",\"link\":\"https:\/\/vedruna.org\/pjv-anaco-4\/\",\"alt\":\"\",\"description\":\"\",\"caption\":\"\",\"mime\":\"image\/jpeg\",\"type\":\"image\",\"width\":810,\"height\":1080,\"sizes\":{\"thumbnail\":{\"height\":150,\"width\":150,\"url\":\"https:\/\/vedruna.org\/wp-content\/uploads\/2026\/09\/pjv-anaco-4-150x150.jpeg\",\"orientation\":\"landscape\"},\"medium\":{\"height\":300,\"width\":225,\"url\":\"https:\/\/vedruna.org\/wp-content\/uploads\/2026\/09\/pjv-anaco-4-225x300.jpeg\",\"orientation\":\"portrait\"},\"large\":{\"height\":1024,\"width\":768,\"url\":\"https:\/\/vedruna.org\/wp-content\/uploads\/2026\/09\/pjv-anaco-4-768x1024.jpeg\",\"orientation\":\"portrait\"},\"full\":{\"url\":\"https:\/\/vedruna.org\/wp-content\/uploads\/2026\/09\/pjv-anaco-4.jpeg\",\"height\":1080,\"width\":810,\"orientation\":\"portrait\"}},\"imageMeta\":{\"aperture\":\"0\",\"credit\":\"\",\"camera\":\"\",\"caption\":\"\",\"created_timestamp\":\"0\",\"copyright\":\"\",\"focal_length\":\"0\",\"iso\":\"0\",\"shutter_speed\":\"0\",\"title\":\"\",\"orientation\":\"0\",\"keywords\":[],\"alt\":\"\"},\"meta\":false},{\"id\":40303,\"title\":\"pjv-anaco-3\",\"url\":\"https:\/\/vedruna.org\/wp-content\/uploads\/2026\/09\/pjv-anaco-3.jpeg\",\"link\":\"https:\/\/vedruna.org\/pjv-anaco-3\/\",\"alt\":\"\",\"description\":\"\",\"caption\":\"\",\"mime\":\"image\/jpeg\",\"type\":\"image\",\"width\":810,\"height\":1080,\"sizes\":{\"thumbnail\":{\"height\":150,\"width\":150,\"url\":\"https:\/\/vedruna.org\/wp-content\/uploads\/2026\/09\/pjv-anaco-3-150x150.jpeg\",\"orientation\":\"landscape\"},\"medium\":{\"height\":300,\"width\":225,\"url\":\"https:\/\/vedruna.org\/wp-content\/uploads\/2026\/09\/pjv-anaco-3-225x300.jpeg\",\"orientation\":\"portrait\"},\"large\":{\"height\":1024,\"width\":768,\"url\":\"https:\/\/vedruna.org\/wp-content\/uploads\/2026\/09\/pjv-anaco-3-768x1024.jpeg\",\"orientation\":\"portrait\"},\"full\":{\"url\":\"https:\/\/vedruna.org\/wp-content\/uploads\/2026\/09\/pjv-anaco-3.jpeg\",\"height\":1080,\"width\":810,\"orientation\":\"portrait\"}},\"imageMeta\":{\"aperture\":\"0\",\"credit\":\"\",\"camera\":\"\",\"caption\":\"\",\"created_timestamp\":\"0\",\"copyright\":\"\",\"focal_length\":\"0\",\"iso\":\"0\",\"shutter_speed\":\"0\",\"title\":\"\",\"orientation\":\"0\",\"keywords\":[],\"alt\":\"\"},\"meta\":false},{\"id\":40302,\"title\":\"pjv-anaco-2\",\"url\":\"https:\/\/vedruna.org\/wp-content\/uploads\/2026\/09\/pjv-anaco-2.jpeg\",\"link\":\"https:\/\/vedruna.org\/pjv-anaco-2\/\",\"alt\":\"\",\"description\":\"\",\"caption\":\"\",\"mime\":\"image\/jpeg\",\"type\":\"image\",\"width\":1080,\"height\":810,\"sizes\":{\"thumbnail\":{\"height\":150,\"width\":150,\"url\":\"https:\/\/vedruna.org\/wp-content\/uploads\/2026\/09\/pjv-anaco-2-150x150.jpeg\",\"orientation\":\"landscape\"},\"medium\":{\"height\":225,\"width\":300,\"url\":\"https:\/\/vedruna.org\/wp-content\/uploads\/2026\/09\/pjv-anaco-2-300x225.jpeg\",\"orientation\":\"landscape\"},\"large\":{\"height\":768,\"width\":1024,\"url\":\"https:\/\/vedruna.org\/wp-content\/uploads\/2026\/09\/pjv-anaco-2-1024x768.jpeg\",\"orientation\":\"landscape\"},\"full\":{\"url\":\"https:\/\/vedruna.org\/wp-content\/uploads\/2026\/09\/pjv-anaco-2.jpeg\",\"height\":810,\"width\":1080,\"orientation\":\"landscape\"}},\"imageMeta\":{\"aperture\":\"0\",\"credit\":\"\",\"camera\":\"\",\"caption\":\"\",\"created_timestamp\":\"0\",\"copyright\":\"\",\"focal_length\":\"0\",\"iso\":\"0\",\"shutter_speed\":\"0\",\"title\":\"\",\"orientation\":\"0\",\"keywords\":[],\"alt\":\"\"},\"meta\":false},{\"id\":40301,\"title\":\"pjv-anaco-1\",\"url\":\"https:\/\/vedruna.org\/wp-content\/uploads\/2026\/09\/pjv-anaco-1.jpeg\",\"link\":\"https:\/\/vedruna.org\/pjv-anaco-1\/\",\"alt\":\"\",\"description\":\"\",\"caption\":\"\",\"mime\":\"image\/jpeg\",\"type\":\"image\",\"width\":1080,\"height\":705,\"sizes\":{\"thumbnail\":{\"height\":150,\"width\":150,\"url\":\"https:\/\/vedruna.org\/wp-content\/uploads\/2026\/09\/pjv-anaco-1-150x150.jpeg\",\"orientation\":\"landscape\"},\"medium\":{\"height\":196,\"width\":300,\"url\":\"https:\/\/vedruna.org\/wp-content\/uploads\/2026\/09\/pjv-anaco-1-300x196.jpeg\",\"orientation\":\"landscape\"},\"large\":{\"height\":668,\"width\":1024,\"url\":\"https:\/\/vedruna.org\/wp-content\/uploads\/2026\/09\/pjv-anaco-1-1024x668.jpeg\",\"orientation\":\"landscape\"},\"full\":{\"url\":\"https:\/\/vedruna.org\/wp-content\/uploads\/2026\/09\/pjv-anaco-1.jpeg\",\"height\":705,\"width\":1080,\"orientation\":\"landscape\"}},\"imageMeta\":{\"aperture\":\"0\",\"credit\":\"\",\"camera\":\"\",\"caption\":\"\",\"created_timestamp\":\"0\",\"copyright\":\"\",\"focal_length\":\"0\",\"iso\":\"0\",\"shutter_speed\":\"0\",\"title\":\"\",\"orientation\":\"0\",\"keywords\":[],\"alt\":\"\"},\"meta\":false}],\"useClobalSettings\":true,\"shareFacebook\":false,\"shareTwitter\":false,\"sharePinterest\":false,\"sliderItemDownload\":false,\"shareCopyLink\":false,\"sliderItemCounterEnable\":false,\"sliderItemTitleFontSize\":20,\"sliderSlideshow\":false,\"sliderSocialShareEnabled\":false,\"sliderZoomEnable\":false,\"translatedWithWPMLTM\":\"1\",\"itemsMetaDataCollection\":[]}<\/script><script>(function(){if(window.PGC_SGB && window.PGC_SGB.searcher){window.PGC_SGB.searcher.initBlocks()}})()<\/script><\/div>","protected":false},"excerpt":{"rendered":"<p>Les 2 et 3 septembre derniers s&rsquo;est tenue, \u00e0 Anaco, la I\u00e8re Rencontre vocationnelle, un espace de rencontre, de r\u00e9flexion et de discernement destin\u00e9 \u00e0 approfondir l\u2019appel de Dieu et \u00e0 faire conna\u00eetre le charisme des Carm\u00e9lites de la Charit\u00e9 de Vedruna, h\u00e9ritage initi\u00e9 il y a 200 ans en Espagne par sainte Joquine de [&hellip;]<\/p>\n","protected":false},"author":4,"featured_media":40326,"comment_status":"closed","ping_status":"closed","sticky":false,"template":"","format":"standard","meta":{"_et_pb_use_builder":"","_et_pb_old_content":"","_et_gb_content_width":"","pgc_sgb_lightbox_settings":"","footnotes":""},"categories":[575,503,146,92],"tags":[],"class_list":["post-40325","post","type-post","status-publish","format-standard","has-post-thumbnail","hentry","category-barcelone","category-les-jeunes","category-vedrunamerica-fr","category-venezuela-fr"],"yoast_head":"<!-- This site is optimized with the Yoast SEO plugin v28.4 - https:\/\/yoast.com\/product\/yoast-seo-wordpress\/ -->\n<title>De nouvelles voies pour la vocation et la mission dans la pastorale vocationnelle des jeunes au Venezuela - Carmelitas de la Caridad Vedruna<\/title>\n<meta name=\"description\" content=\"La premi\u00e8re rencontre vocationnelle s\u2019est tenue \u00e0 Anaco, afin d\u2019approfondir l\u2019appel de Dieu et de faire conna\u00eetre le charisme des Carm\u00e9lites de la Charit\u00e9 Vedruna.\" \/>\n<meta name=\"robots\" content=\"index, follow, max-snippet:-1, max-image-preview:large, max-video-preview:-1\" \/>\n<link rel=\"canonical\" href=\"https:\/\/vedruna.org\/fr\/de-nouvelles-voies-pour-la-vocation-et-la-mission-dans-la-pastorale-vocationnelle-des-jeunes-au-venezuela\/\" \/>\n<meta property=\"og:locale\" content=\"fr_FR\" \/>\n<meta property=\"og:type\" content=\"article\" \/>\n<meta property=\"og:title\" content=\"De nouvelles voies pour la vocation et la mission dans la pastorale vocationnelle des jeunes au Venezuela - Carmelitas de la Caridad Vedruna\" \/>\n<meta property=\"og:description\" content=\"La premi\u00e8re rencontre vocationnelle s\u2019est tenue \u00e0 Anaco, afin d\u2019approfondir l\u2019appel de Dieu et de faire conna\u00eetre le charisme des Carm\u00e9lites de la Charit\u00e9 Vedruna.\" \/>\n<meta property=\"og:url\" content=\"https:\/\/vedruna.org\/fr\/de-nouvelles-voies-pour-la-vocation-et-la-mission-dans-la-pastorale-vocationnelle-des-jeunes-au-venezuela\/\" \/>\n<meta property=\"og:site_name\" content=\"Carmelitas de la Caridad Vedruna\" \/>\n<meta property=\"article:published_time\" content=\"2026-09-04T08:45:45+00:00\" \/>\n<meta property=\"article:modified_time\" content=\"2026-09-04T08:48:13+00:00\" \/>\n<meta property=\"og:image\" content=\"https:\/\/vedruna.org\/wp-content\/uploads\/2026\/09\/principal.jpeg\" \/>\n\t<meta property=\"og:image:width\" content=\"1080\" \/>\n\t<meta property=\"og:image:height\" content=\"622\" \/>\n\t<meta property=\"og:image:type\" content=\"image\/jpeg\" \/>\n<meta name=\"author\" content=\"Comunicaci\u00f3n Vedrunam\u00e9rica\" \/>\n<meta name=\"twitter:card\" content=\"summary_large_image\" \/>\n<meta name=\"twitter:label1\" content=\"\u00c9crit par\" \/>\n\t<meta name=\"twitter:data1\" content=\"Comunicaci\u00f3n Vedrunam\u00e9rica\" \/>\n\t<meta name=\"twitter:label2\" content=\"Dur\u00e9e de lecture estim\u00e9e\" \/>\n\t<meta name=\"twitter:data2\" content=\"3 minutes\" \/>\n<script type=\"application\/ld+json\" class=\"yoast-schema-graph\">{\"@context\":\"https:\\\/\\\/schema.org\",\"@graph\":[{\"@type\":\"Article\",\"@id\":\"https:\\\/\\\/vedruna.org\\\/fr\\\/de-nouvelles-voies-pour-la-vocation-et-la-mission-dans-la-pastorale-vocationnelle-des-jeunes-au-venezuela\\\/#article\",\"isPartOf\":{\"@id\":\"https:\\\/\\\/vedruna.org\\\/fr\\\/de-nouvelles-voies-pour-la-vocation-et-la-mission-dans-la-pastorale-vocationnelle-des-jeunes-au-venezuela\\\/\"},\"author\":{\"name\":\"Comunicaci\u00f3n Vedrunam\u00e9rica\",\"@id\":\"https:\\\/\\\/vedruna.org\\\/fr\\\/#\\\/schema\\\/person\\\/cf468646189533fb6a3aae475663fdc7\"},\"headline\":\"De nouvelles voies pour la vocation et la mission dans la pastorale vocationnelle des jeunes au Venezuela\",\"datePublished\":\"2026-09-04T08:45:45+00:00\",\"dateModified\":\"2026-09-04T08:48:13+00:00\",\"mainEntityOfPage\":{\"@id\":\"https:\\\/\\\/vedruna.org\\\/fr\\\/de-nouvelles-voies-pour-la-vocation-et-la-mission-dans-la-pastorale-vocationnelle-des-jeunes-au-venezuela\\\/\"},\"wordCount\":553,\"publisher\":{\"@id\":\"https:\\\/\\\/vedruna.org\\\/fr\\\/#organization\"},\"image\":{\"@id\":\"https:\\\/\\\/vedruna.org\\\/fr\\\/de-nouvelles-voies-pour-la-vocation-et-la-mission-dans-la-pastorale-vocationnelle-des-jeunes-au-venezuela\\\/#primaryimage\"},\"thumbnailUrl\":\"https:\\\/\\\/vedruna.org\\\/wp-content\\\/uploads\\\/2026\\\/09\\\/principal.jpeg\",\"articleSection\":[\"Barcelone\",\"Les jeunes\",\"Vedrunamerica\",\"Venezuela\"],\"inLanguage\":\"fr-FR\"},{\"@type\":\"WebPage\",\"@id\":\"https:\\\/\\\/vedruna.org\\\/fr\\\/de-nouvelles-voies-pour-la-vocation-et-la-mission-dans-la-pastorale-vocationnelle-des-jeunes-au-venezuela\\\/\",\"url\":\"https:\\\/\\\/vedruna.org\\\/fr\\\/de-nouvelles-voies-pour-la-vocation-et-la-mission-dans-la-pastorale-vocationnelle-des-jeunes-au-venezuela\\\/\",\"name\":\"De nouvelles voies pour la vocation et la mission dans la pastorale vocationnelle des jeunes au Venezuela - Carmelitas de la Caridad Vedruna\",\"isPartOf\":{\"@id\":\"https:\\\/\\\/vedruna.org\\\/fr\\\/#website\"},\"primaryImageOfPage\":{\"@id\":\"https:\\\/\\\/vedruna.org\\\/fr\\\/de-nouvelles-voies-pour-la-vocation-et-la-mission-dans-la-pastorale-vocationnelle-des-jeunes-au-venezuela\\\/#primaryimage\"},\"image\":{\"@id\":\"https:\\\/\\\/vedruna.org\\\/fr\\\/de-nouvelles-voies-pour-la-vocation-et-la-mission-dans-la-pastorale-vocationnelle-des-jeunes-au-venezuela\\\/#primaryimage\"},\"thumbnailUrl\":\"https:\\\/\\\/vedruna.org\\\/wp-content\\\/uploads\\\/2026\\\/09\\\/principal.jpeg\",\"datePublished\":\"2026-09-04T08:45:45+00:00\",\"dateModified\":\"2026-09-04T08:48:13+00:00\",\"description\":\"La premi\u00e8re rencontre vocationnelle s\u2019est tenue \u00e0 Anaco, afin d\u2019approfondir l\u2019appel de Dieu et de faire conna\u00eetre le charisme des Carm\u00e9lites de la Charit\u00e9 Vedruna.\",\"breadcrumb\":{\"@id\":\"https:\\\/\\\/vedruna.org\\\/fr\\\/de-nouvelles-voies-pour-la-vocation-et-la-mission-dans-la-pastorale-vocationnelle-des-jeunes-au-venezuela\\\/#breadcrumb\"},\"inLanguage\":\"fr-FR\",\"potentialAction\":[{\"@type\":\"ReadAction\",\"target\":[\"https:\\\/\\\/vedruna.org\\\/fr\\\/de-nouvelles-voies-pour-la-vocation-et-la-mission-dans-la-pastorale-vocationnelle-des-jeunes-au-venezuela\\\/\"]}]},{\"@type\":\"ImageObject\",\"inLanguage\":\"fr-FR\",\"@id\":\"https:\\\/\\\/vedruna.org\\\/fr\\\/de-nouvelles-voies-pour-la-vocation-et-la-mission-dans-la-pastorale-vocationnelle-des-jeunes-au-venezuela\\\/#primaryimage\",\"url\":\"https:\\\/\\\/vedruna.org\\\/wp-content\\\/uploads\\\/2026\\\/09\\\/principal.jpeg\",\"contentUrl\":\"https:\\\/\\\/vedruna.org\\\/wp-content\\\/uploads\\\/2026\\\/09\\\/principal.jpeg\",\"width\":1080,\"height\":622},{\"@type\":\"BreadcrumbList\",\"@id\":\"https:\\\/\\\/vedruna.org\\\/fr\\\/de-nouvelles-voies-pour-la-vocation-et-la-mission-dans-la-pastorale-vocationnelle-des-jeunes-au-venezuela\\\/#breadcrumb\",\"itemListElement\":[{\"@type\":\"ListItem\",\"position\":1,\"name\":\"Portada\",\"item\":\"https:\\\/\\\/vedruna.org\\\/fr\\\/\"},{\"@type\":\"ListItem\",\"position\":2,\"name\":\"De nouvelles voies pour la vocation et la mission dans la pastorale vocationnelle des jeunes au Venezuela\"}]},{\"@type\":\"WebSite\",\"@id\":\"https:\\\/\\\/vedruna.org\\\/fr\\\/#website\",\"url\":\"https:\\\/\\\/vedruna.org\\\/fr\\\/\",\"name\":\"Carmelitas de la Caridad Vedruna\",\"description\":\"Carmelitas de la caridad\",\"publisher\":{\"@id\":\"https:\\\/\\\/vedruna.org\\\/fr\\\/#organization\"},\"potentialAction\":[{\"@type\":\"SearchAction\",\"target\":{\"@type\":\"EntryPoint\",\"urlTemplate\":\"https:\\\/\\\/vedruna.org\\\/fr\\\/?s={search_term_string}\"},\"query-input\":{\"@type\":\"PropertyValueSpecification\",\"valueRequired\":true,\"valueName\":\"search_term_string\"}}],\"inLanguage\":\"fr-FR\"},{\"@type\":\"Organization\",\"@id\":\"https:\\\/\\\/vedruna.org\\\/fr\\\/#organization\",\"name\":\"Carmelitas de la caridad Vedruna\",\"url\":\"https:\\\/\\\/vedruna.org\\\/fr\\\/\",\"logo\":{\"@type\":\"ImageObject\",\"inLanguage\":\"fr-FR\",\"@id\":\"https:\\\/\\\/vedruna.org\\\/fr\\\/#\\\/schema\\\/logo\\\/image\\\/\",\"url\":\"https:\\\/\\\/vedruna.org\\\/wp-content\\\/uploads\\\/2022\\\/04\\\/LOGO-VEDRUNA-HORIZONTAL.png\",\"contentUrl\":\"https:\\\/\\\/vedruna.org\\\/wp-content\\\/uploads\\\/2022\\\/04\\\/LOGO-VEDRUNA-HORIZONTAL.png\",\"width\":1200,\"height\":463,\"caption\":\"Carmelitas de la caridad Vedruna\"},\"image\":{\"@id\":\"https:\\\/\\\/vedruna.org\\\/fr\\\/#\\\/schema\\\/logo\\\/image\\\/\"}},{\"@type\":\"Person\",\"@id\":\"https:\\\/\\\/vedruna.org\\\/fr\\\/#\\\/schema\\\/person\\\/cf468646189533fb6a3aae475663fdc7\",\"name\":\"Comunicaci\u00f3n Vedrunam\u00e9rica\",\"image\":{\"@type\":\"ImageObject\",\"inLanguage\":\"fr-FR\",\"@id\":\"https:\\\/\\\/secure.gravatar.com\\\/avatar\\\/b4eff91ff87ece2131a5d31270e1df0a7eeaffece756ce6503fd7dce879d1bfc?s=96&d=mm&r=g\",\"url\":\"https:\\\/\\\/secure.gravatar.com\\\/avatar\\\/b4eff91ff87ece2131a5d31270e1df0a7eeaffece756ce6503fd7dce879d1bfc?s=96&d=mm&r=g\",\"contentUrl\":\"https:\\\/\\\/secure.gravatar.com\\\/avatar\\\/b4eff91ff87ece2131a5d31270e1df0a7eeaffece756ce6503fd7dce879d1bfc?s=96&d=mm&r=g\",\"caption\":\"Comunicaci\u00f3n Vedrunam\u00e9rica\"},\"url\":\"https:\\\/\\\/vedruna.org\\\/fr\\\/author\\\/comunicacion-vedrunamerica\\\/\"}]}<\/script>\n<!-- \/ Yoast SEO plugin. -->","yoast_head_json":{"title":"De nouvelles voies pour la vocation et la mission dans la pastorale vocationnelle des jeunes au Venezuela - Carmelitas de la Caridad Vedruna","description":"La premi\u00e8re rencontre vocationnelle s\u2019est tenue \u00e0 Anaco, afin d\u2019approfondir l\u2019appel de Dieu et de faire conna\u00eetre le charisme des Carm\u00e9lites de la Charit\u00e9 Vedruna.","robots":{"index":"index","follow":"follow","max-snippet":"max-snippet:-1","max-image-preview":"max-image-preview:large","max-video-preview":"max-video-preview:-1"},"canonical":"https:\/\/vedruna.org\/fr\/de-nouvelles-voies-pour-la-vocation-et-la-mission-dans-la-pastorale-vocationnelle-des-jeunes-au-venezuela\/","og_locale":"fr_FR","og_type":"article","og_title":"De nouvelles voies pour la vocation et la mission dans la pastorale vocationnelle des jeunes au Venezuela - Carmelitas de la Caridad Vedruna","og_description":"La premi\u00e8re rencontre vocationnelle s\u2019est tenue \u00e0 Anaco, afin d\u2019approfondir l\u2019appel de Dieu et de faire conna\u00eetre le charisme des Carm\u00e9lites de la Charit\u00e9 Vedruna.","og_url":"https:\/\/vedruna.org\/fr\/de-nouvelles-voies-pour-la-vocation-et-la-mission-dans-la-pastorale-vocationnelle-des-jeunes-au-venezuela\/","og_site_name":"Carmelitas de la Caridad Vedruna","article_published_time":"2026-09-04T08:45:45+00:00","article_modified_time":"2026-09-04T08:48:13+00:00","og_image":[{"width":1080,"height":622,"url":"https:\/\/vedruna.org\/wp-content\/uploads\/2026\/09\/principal.jpeg","type":"image\/jpeg"}],"author":"Comunicaci\u00f3n Vedrunam\u00e9rica","twitter_card":"summary_large_image","twitter_misc":{"\u00c9crit par":"Comunicaci\u00f3n Vedrunam\u00e9rica","Dur\u00e9e de lecture estim\u00e9e":"3 minutes"},"schema":{"@context":"https:\/\/schema.org","@graph":[{"@type":"Article","@id":"https:\/\/vedruna.org\/fr\/de-nouvelles-voies-pour-la-vocation-et-la-mission-dans-la-pastorale-vocationnelle-des-jeunes-au-venezuela\/#article","isPartOf":{"@id":"https:\/\/vedruna.org\/fr\/de-nouvelles-voies-pour-la-vocation-et-la-mission-dans-la-pastorale-vocationnelle-des-jeunes-au-venezuela\/"},"author":{"name":"Comunicaci\u00f3n Vedrunam\u00e9rica","@id":"https:\/\/vedruna.org\/fr\/#\/schema\/person\/cf468646189533fb6a3aae475663fdc7"},"headline":"De nouvelles voies pour la vocation et la mission dans la pastorale vocationnelle des jeunes au Venezuela","datePublished":"2026-09-04T08:45:45+00:00","dateModified":"2026-09-04T08:48:13+00:00","mainEntityOfPage":{"@id":"https:\/\/vedruna.org\/fr\/de-nouvelles-voies-pour-la-vocation-et-la-mission-dans-la-pastorale-vocationnelle-des-jeunes-au-venezuela\/"},"wordCount":553,"publisher":{"@id":"https:\/\/vedruna.org\/fr\/#organization"},"image":{"@id":"https:\/\/vedruna.org\/fr\/de-nouvelles-voies-pour-la-vocation-et-la-mission-dans-la-pastorale-vocationnelle-des-jeunes-au-venezuela\/#primaryimage"},"thumbnailUrl":"https:\/\/vedruna.org\/wp-content\/uploads\/2026\/09\/principal.jpeg","articleSection":["Barcelone","Les jeunes","Vedrunamerica","Venezuela"],"inLanguage":"fr-FR"},{"@type":"WebPage","@id":"https:\/\/vedruna.org\/fr\/de-nouvelles-voies-pour-la-vocation-et-la-mission-dans-la-pastorale-vocationnelle-des-jeunes-au-venezuela\/","url":"https:\/\/vedruna.org\/fr\/de-nouvelles-voies-pour-la-vocation-et-la-mission-dans-la-pastorale-vocationnelle-des-jeunes-au-venezuela\/","name":"De nouvelles voies pour la vocation et la mission dans la pastorale vocationnelle des jeunes au Venezuela - Carmelitas de la Caridad Vedruna","isPartOf":{"@id":"https:\/\/vedruna.org\/fr\/#website"},"primaryImageOfPage":{"@id":"https:\/\/vedruna.org\/fr\/de-nouvelles-voies-pour-la-vocation-et-la-mission-dans-la-pastorale-vocationnelle-des-jeunes-au-venezuela\/#primaryimage"},"image":{"@id":"https:\/\/vedruna.org\/fr\/de-nouvelles-voies-pour-la-vocation-et-la-mission-dans-la-pastorale-vocationnelle-des-jeunes-au-venezuela\/#primaryimage"},"thumbnailUrl":"https:\/\/vedruna.org\/wp-content\/uploads\/2026\/09\/principal.jpeg","datePublished":"2026-09-04T08:45:45+00:00","dateModified":"2026-09-04T08:48:13+00:00","description":"La premi\u00e8re rencontre vocationnelle s\u2019est tenue \u00e0 Anaco, afin d\u2019approfondir l\u2019appel de Dieu et de faire conna\u00eetre le charisme des Carm\u00e9lites de la Charit\u00e9 Vedruna.","breadcrumb":{"@id":"https:\/\/vedruna.org\/fr\/de-nouvelles-voies-pour-la-vocation-et-la-mission-dans-la-pastorale-vocationnelle-des-jeunes-au-venezuela\/#breadcrumb"},"inLanguage":"fr-FR","potentialAction":[{"@type":"ReadAction","target":["https:\/\/vedruna.org\/fr\/de-nouvelles-voies-pour-la-vocation-et-la-mission-dans-la-pastorale-vocationnelle-des-jeunes-au-venezuela\/"]}]},{"@type":"ImageObject","inLanguage":"fr-FR","@id":"https:\/\/vedruna.org\/fr\/de-nouvelles-voies-pour-la-vocation-et-la-mission-dans-la-pastorale-vocationnelle-des-jeunes-au-venezuela\/#primaryimage","url":"https:\/\/vedruna.org\/wp-content\/uploads\/2026\/09\/principal.jpeg","contentUrl":"https:\/\/vedruna.org\/wp-content\/uploads\/2026\/09\/principal.jpeg","width":1080,"height":622},{"@type":"BreadcrumbList","@id":"https:\/\/vedruna.org\/fr\/de-nouvelles-voies-pour-la-vocation-et-la-mission-dans-la-pastorale-vocationnelle-des-jeunes-au-venezuela\/#breadcrumb","itemListElement":[{"@type":"ListItem","position":1,"name":"Portada","item":"https:\/\/vedruna.org\/fr\/"},{"@type":"ListItem","position":2,"name":"De nouvelles voies pour la vocation et la mission dans la pastorale vocationnelle des jeunes au Venezuela"}]},{"@type":"WebSite","@id":"https:\/\/vedruna.org\/fr\/#website","url":"https:\/\/vedruna.org\/fr\/","name":"Carmelitas de la Caridad Vedruna","description":"Carmelitas de la caridad","publisher":{"@id":"https:\/\/vedruna.org\/fr\/#organization"},"potentialAction":[{"@type":"SearchAction","target":{"@type":"EntryPoint","urlTemplate":"https:\/\/vedruna.org\/fr\/?s={search_term_string}"},"query-input":{"@type":"PropertyValueSpecification","valueRequired":true,"valueName":"search_term_string"}}],"inLanguage":"fr-FR"},{"@type":"Organization","@id":"https:\/\/vedruna.org\/fr\/#organization","name":"Carmelitas de la caridad Vedruna","url":"https:\/\/vedruna.org\/fr\/","logo":{"@type":"ImageObject","inLanguage":"fr-FR","@id":"https:\/\/vedruna.org\/fr\/#\/schema\/logo\/image\/","url":"https:\/\/vedruna.org\/wp-content\/uploads\/2022\/04\/LOGO-VEDRUNA-HORIZONTAL.png","contentUrl":"https:\/\/vedruna.org\/wp-content\/uploads\/2022\/04\/LOGO-VEDRUNA-HORIZONTAL.png","width":1200,"height":463,"caption":"Carmelitas de la caridad Vedruna"},"image":{"@id":"https:\/\/vedruna.org\/fr\/#\/schema\/logo\/image\/"}},{"@type":"Person","@id":"https:\/\/vedruna.org\/fr\/#\/schema\/person\/cf468646189533fb6a3aae475663fdc7","name":"Comunicaci\u00f3n Vedrunam\u00e9rica","image":{"@type":"ImageObject","inLanguage":"fr-FR","@id":"https:\/\/secure.gravatar.com\/avatar\/b4eff91ff87ece2131a5d31270e1df0a7eeaffece756ce6503fd7dce879d1bfc?s=96&d=mm&r=g","url":"https:\/\/secure.gravatar.com\/avatar\/b4eff91ff87ece2131a5d31270e1df0a7eeaffece756ce6503fd7dce879d1bfc?s=96&d=mm&r=g","contentUrl":"https:\/\/secure.gravatar.com\/avatar\/b4eff91ff87ece2131a5d31270e1df0a7eeaffece756ce6503fd7dce879d1bfc?s=96&d=mm&r=g","caption":"Comunicaci\u00f3n Vedrunam\u00e9rica"},"url":"https:\/\/vedruna.org\/fr\/author\/comunicacion-vedrunamerica\/"}]}},"_links":{"self":[{"href":"https:\/\/vedruna.org\/fr\/wp-json\/wp\/v2\/posts\/40325","targetHints":{"allow":["GET"]}}],"collection":[{"href":"https:\/\/vedruna.org\/fr\/wp-json\/wp\/v2\/posts"}],"about":[{"href":"https:\/\/vedruna.org\/fr\/wp-json\/wp\/v2\/types\/post"}],"author":[{"embeddable":true,"href":"https:\/\/vedruna.org\/fr\/wp-json\/wp\/v2\/users\/4"}],"replies":[{"embeddable":true,"href":"https:\/\/vedruna.org\/fr\/wp-json\/wp\/v2\/comments?post=40325"}],"version-history":[{"count":1,"href":"https:\/\/vedruna.org\/fr\/wp-json\/wp\/v2\/posts\/40325\/revisions"}],"predecessor-version":[{"id":40327,"href":"https:\/\/vedruna.org\/fr\/wp-json\/wp\/v2\/posts\/40325\/revisions\/40327"}],"wp:featuredmedia":[{"embeddable":true,"href":"https:\/\/vedruna.org\/fr\/wp-json\/wp\/v2\/media\/40326"}],"wp:attachment":[{"href":"https:\/\/vedruna.org\/fr\/wp-json\/wp\/v2\/media?parent=40325"}],"wp:term":[{"taxonomy":"category","embeddable":true,"href":"https:\/\/vedruna.org\/fr\/wp-json\/wp\/v2\/categories?post=40325"},{"taxonomy":"post_tag","embeddable":true,"href":"https:\/\/vedruna.org\/fr\/wp-json\/wp\/v2\/tags?post=40325"}],"curies":[{"name":"wp","href":"https:\/\/api.w.org\/{rel}","templated":true}]}}