{"id":6463,"date":"2023-11-28T20:29:18","date_gmt":"2023-11-28T19:29:18","guid":{"rendered":"https:\/\/vedruna.org\/centre-kekeli-un-espace-sur-pour-le-developpement-sain-des-filles-victimes-de-violence-au-togo\/"},"modified":"2023-11-28T20:29:27","modified_gmt":"2023-11-28T19:29:27","slug":"centre-kekeli-un-espace-sur-pour-le-developpement-sain-des-filles-victimes-de-violence-au-togo","status":"publish","type":"post","link":"https:\/\/vedruna.org\/fr\/centre-kekeli-un-espace-sur-pour-le-developpement-sain-des-filles-victimes-de-violence-au-togo\/","title":{"rendered":"Centre Kekeli : un espace s\u00fbr pour le d\u00e9veloppement sain des filles victimes de violence au Togo"},"content":{"rendered":"\n<p>Le 21 novembre, Marisa Cabeza, la\u00efque de Vedruna, a sign\u00e9 au nom de la Fondation Vic un accord de collaboration avec la Fondation Ibercaja pour d\u00e9velopper le projet <strong>\u00ab\u00a0Soutien sanitaire aux enfants victimes de violence au Togo\u00a0\u00bb <\/strong>pour un montant de 4.000 euros.<\/p>\n\n<figure class=\"wp-block-image size-large\"><img loading=\"lazy\" decoding=\"async\" width=\"1024\" height=\"683\" src=\"https:\/\/vedruna.org\/wp-content\/uploads\/2023\/11\/2023_firma_convenio_fundacion_ibercaja_2-1024x683.jpg\" alt=\"\" class=\"wp-image-6456\" srcset=\"https:\/\/vedruna.org\/wp-content\/uploads\/2023\/11\/2023_firma_convenio_fundacion_ibercaja_2-980x654.jpg 980w, https:\/\/vedruna.org\/wp-content\/uploads\/2023\/11\/2023_firma_convenio_fundacion_ibercaja_2-480x320.jpg 480w\" sizes=\"(min-width: 0px) and (max-width: 480px) 480px, (min-width: 481px) and (max-width: 980px) 980px, (min-width: 981px) 1024px, 100vw\" \/><\/figure>\n\n<p>Nous sommes reconnaissants de ce geste de solidarit\u00e9 qui permettra \u00e0 40 jeunes d&rsquo;acc\u00e9der aux soins de sant\u00e9 dont ils ont besoin et de renforcer leurs connaissances en mati\u00e8re de sant\u00e9 par le biais d&rsquo;ateliers et d&rsquo;un accompagnement personnalis\u00e9.<\/p>\n\n<p class=\"has-text-align-right\"><strong>Fondation Vic<\/strong><\/p>\n","protected":false},"excerpt":{"rendered":"<p>Le 21 novembre, Marisa Cabeza, la\u00efque de Vedruna, a sign\u00e9 au nom de la Fondation Vic un accord de collaboration avec la Fondation Ibercaja pour d\u00e9velopper le projet \u00ab\u00a0Soutien sanitaire aux enfants victimes de violence au Togo\u00a0\u00bb pour un montant de 4.000 euros. Nous sommes reconnaissants de ce geste de solidarit\u00e9 qui permettra \u00e0 40 [&hellip;]<\/p>\n","protected":false},"author":19,"featured_media":6455,"comment_status":"closed","ping_status":"closed","sticky":false,"template":"","format":"standard","meta":{"_et_pb_use_builder":"","_et_pb_old_content":"","_et_gb_content_width":"","pgc_sgb_lightbox_settings":"","footnotes":""},"categories":[314],"tags":[],"class_list":["post-6463","post","type-post","status-publish","format-standard","has-post-thumbnail","hentry","category-fondation-vic"],"yoast_head":"<!-- This site is optimized with the Yoast SEO plugin v27.5 - https:\/\/yoast.com\/product\/yoast-seo-wordpress\/ -->\n<title>Centre Kekeli : un espace s\u00fbr pour le d\u00e9veloppement sain des filles victimes de violence au Togo - Carmelitas de la Caridad Vedruna<\/title>\n<meta name=\"description\" content=\"La Fondation Vic signe un accord avec la Fondation Ibercaja pour soutenir les enfants vuln\u00e9rables du centre Kekeli au Togo.\" \/>\n<meta name=\"robots\" content=\"index, follow, max-snippet:-1, max-image-preview:large, max-video-preview:-1\" \/>\n<link rel=\"canonical\" href=\"https:\/\/vedruna.org\/fr\/centre-kekeli-un-espace-sur-pour-le-developpement-sain-des-filles-victimes-de-violence-au-togo\/\" \/>\n<meta property=\"og:locale\" content=\"fr_FR\" \/>\n<meta property=\"og:type\" content=\"article\" \/>\n<meta property=\"og:title\" content=\"Centre Kekeli : un espace s\u00fbr pour le d\u00e9veloppement sain des filles victimes de violence au Togo - Carmelitas de la Caridad Vedruna\" \/>\n<meta property=\"og:description\" content=\"La Fondation Vic signe un accord avec la Fondation Ibercaja pour soutenir les enfants vuln\u00e9rables du centre Kekeli au Togo.\" \/>\n<meta property=\"og:url\" content=\"https:\/\/vedruna.org\/fr\/centre-kekeli-un-espace-sur-pour-le-developpement-sain-des-filles-victimes-de-violence-au-togo\/\" \/>\n<meta property=\"og:site_name\" content=\"Carmelitas de la Caridad Vedruna\" \/>\n<meta property=\"article:published_time\" content=\"2023-11-28T19:29:18+00:00\" \/>\n<meta property=\"article:modified_time\" content=\"2023-11-28T19:29:27+00:00\" \/>\n<meta property=\"og:image\" content=\"https:\/\/vedruna.org\/wp-content\/uploads\/2023\/11\/2023_firma_convenio_fundacion_ibercaja-scaled-e1701199515406.jpg\" \/>\n\t<meta property=\"og:image:width\" content=\"2560\" \/>\n\t<meta property=\"og:image:height\" content=\"1708\" \/>\n\t<meta property=\"og:image:type\" content=\"image\/jpeg\" \/>\n<meta name=\"author\" content=\"Ricardo Benjumea\" \/>\n<meta name=\"twitter:card\" content=\"summary_large_image\" \/>\n<meta name=\"twitter:label1\" content=\"\u00c9crit par\" \/>\n\t<meta name=\"twitter:data1\" content=\"Ricardo Benjumea\" \/>\n<script type=\"application\/ld+json\" class=\"yoast-schema-graph\">{\"@context\":\"https:\\\/\\\/schema.org\",\"@graph\":[{\"@type\":\"Article\",\"@id\":\"https:\\\/\\\/vedruna.org\\\/fr\\\/centre-kekeli-un-espace-sur-pour-le-developpement-sain-des-filles-victimes-de-violence-au-togo\\\/#article\",\"isPartOf\":{\"@id\":\"https:\\\/\\\/vedruna.org\\\/fr\\\/centre-kekeli-un-espace-sur-pour-le-developpement-sain-des-filles-victimes-de-violence-au-togo\\\/\"},\"author\":{\"name\":\"Ricardo Benjumea\",\"@id\":\"https:\\\/\\\/vedruna.org\\\/fr\\\/#\\\/schema\\\/person\\\/ce27b3a623ee7463451959870b4e509f\"},\"headline\":\"Centre Kekeli : un espace s\u00fbr pour le d\u00e9veloppement sain des filles victimes de violence au Togo\",\"datePublished\":\"2023-11-28T19:29:18+00:00\",\"dateModified\":\"2023-11-28T19:29:27+00:00\",\"mainEntityOfPage\":{\"@id\":\"https:\\\/\\\/vedruna.org\\\/fr\\\/centre-kekeli-un-espace-sur-pour-le-developpement-sain-des-filles-victimes-de-violence-au-togo\\\/\"},\"wordCount\":105,\"publisher\":{\"@id\":\"https:\\\/\\\/vedruna.org\\\/fr\\\/#organization\"},\"image\":{\"@id\":\"https:\\\/\\\/vedruna.org\\\/fr\\\/centre-kekeli-un-espace-sur-pour-le-developpement-sain-des-filles-victimes-de-violence-au-togo\\\/#primaryimage\"},\"thumbnailUrl\":\"https:\\\/\\\/vedruna.org\\\/wp-content\\\/uploads\\\/2023\\\/11\\\/2023_firma_convenio_fundacion_ibercaja-scaled-e1701199515406.jpg\",\"articleSection\":[\"Fondation Vic\"],\"inLanguage\":\"fr-FR\"},{\"@type\":\"WebPage\",\"@id\":\"https:\\\/\\\/vedruna.org\\\/fr\\\/centre-kekeli-un-espace-sur-pour-le-developpement-sain-des-filles-victimes-de-violence-au-togo\\\/\",\"url\":\"https:\\\/\\\/vedruna.org\\\/fr\\\/centre-kekeli-un-espace-sur-pour-le-developpement-sain-des-filles-victimes-de-violence-au-togo\\\/\",\"name\":\"Centre Kekeli : un espace s\u00fbr pour le d\u00e9veloppement sain des filles victimes de violence au Togo - Carmelitas de la Caridad Vedruna\",\"isPartOf\":{\"@id\":\"https:\\\/\\\/vedruna.org\\\/fr\\\/#website\"},\"primaryImageOfPage\":{\"@id\":\"https:\\\/\\\/vedruna.org\\\/fr\\\/centre-kekeli-un-espace-sur-pour-le-developpement-sain-des-filles-victimes-de-violence-au-togo\\\/#primaryimage\"},\"image\":{\"@id\":\"https:\\\/\\\/vedruna.org\\\/fr\\\/centre-kekeli-un-espace-sur-pour-le-developpement-sain-des-filles-victimes-de-violence-au-togo\\\/#primaryimage\"},\"thumbnailUrl\":\"https:\\\/\\\/vedruna.org\\\/wp-content\\\/uploads\\\/2023\\\/11\\\/2023_firma_convenio_fundacion_ibercaja-scaled-e1701199515406.jpg\",\"datePublished\":\"2023-11-28T19:29:18+00:00\",\"dateModified\":\"2023-11-28T19:29:27+00:00\",\"description\":\"La Fondation Vic signe un accord avec la Fondation Ibercaja pour soutenir les enfants vuln\u00e9rables du centre Kekeli au Togo.\",\"breadcrumb\":{\"@id\":\"https:\\\/\\\/vedruna.org\\\/fr\\\/centre-kekeli-un-espace-sur-pour-le-developpement-sain-des-filles-victimes-de-violence-au-togo\\\/#breadcrumb\"},\"inLanguage\":\"fr-FR\",\"potentialAction\":[{\"@type\":\"ReadAction\",\"target\":[\"https:\\\/\\\/vedruna.org\\\/fr\\\/centre-kekeli-un-espace-sur-pour-le-developpement-sain-des-filles-victimes-de-violence-au-togo\\\/\"]}]},{\"@type\":\"ImageObject\",\"inLanguage\":\"fr-FR\",\"@id\":\"https:\\\/\\\/vedruna.org\\\/fr\\\/centre-kekeli-un-espace-sur-pour-le-developpement-sain-des-filles-victimes-de-violence-au-togo\\\/#primaryimage\",\"url\":\"https:\\\/\\\/vedruna.org\\\/wp-content\\\/uploads\\\/2023\\\/11\\\/2023_firma_convenio_fundacion_ibercaja-scaled-e1701199515406.jpg\",\"contentUrl\":\"https:\\\/\\\/vedruna.org\\\/wp-content\\\/uploads\\\/2023\\\/11\\\/2023_firma_convenio_fundacion_ibercaja-scaled-e1701199515406.jpg\",\"width\":2560,\"height\":1708},{\"@type\":\"BreadcrumbList\",\"@id\":\"https:\\\/\\\/vedruna.org\\\/fr\\\/centre-kekeli-un-espace-sur-pour-le-developpement-sain-des-filles-victimes-de-violence-au-togo\\\/#breadcrumb\",\"itemListElement\":[{\"@type\":\"ListItem\",\"position\":1,\"name\":\"Portada\",\"item\":\"https:\\\/\\\/vedruna.org\\\/fr\\\/\"},{\"@type\":\"ListItem\",\"position\":2,\"name\":\"Centre Kekeli : un espace s\u00fbr pour le d\u00e9veloppement sain des filles victimes de violence au Togo\"}]},{\"@type\":\"WebSite\",\"@id\":\"https:\\\/\\\/vedruna.org\\\/fr\\\/#website\",\"url\":\"https:\\\/\\\/vedruna.org\\\/fr\\\/\",\"name\":\"Carmelitas de la Caridad Vedruna\",\"description\":\"Carmelitas de la caridad\",\"publisher\":{\"@id\":\"https:\\\/\\\/vedruna.org\\\/fr\\\/#organization\"},\"potentialAction\":[{\"@type\":\"SearchAction\",\"target\":{\"@type\":\"EntryPoint\",\"urlTemplate\":\"https:\\\/\\\/vedruna.org\\\/fr\\\/?s={search_term_string}\"},\"query-input\":{\"@type\":\"PropertyValueSpecification\",\"valueRequired\":true,\"valueName\":\"search_term_string\"}}],\"inLanguage\":\"fr-FR\"},{\"@type\":\"Organization\",\"@id\":\"https:\\\/\\\/vedruna.org\\\/fr\\\/#organization\",\"name\":\"Carmelitas de la caridad Vedruna\",\"url\":\"https:\\\/\\\/vedruna.org\\\/fr\\\/\",\"logo\":{\"@type\":\"ImageObject\",\"inLanguage\":\"fr-FR\",\"@id\":\"https:\\\/\\\/vedruna.org\\\/fr\\\/#\\\/schema\\\/logo\\\/image\\\/\",\"url\":\"https:\\\/\\\/vedruna.org\\\/wp-content\\\/uploads\\\/2022\\\/04\\\/LOGO-VEDRUNA-HORIZONTAL.png\",\"contentUrl\":\"https:\\\/\\\/vedruna.org\\\/wp-content\\\/uploads\\\/2022\\\/04\\\/LOGO-VEDRUNA-HORIZONTAL.png\",\"width\":1200,\"height\":463,\"caption\":\"Carmelitas de la caridad Vedruna\"},\"image\":{\"@id\":\"https:\\\/\\\/vedruna.org\\\/fr\\\/#\\\/schema\\\/logo\\\/image\\\/\"}},{\"@type\":\"Person\",\"@id\":\"https:\\\/\\\/vedruna.org\\\/fr\\\/#\\\/schema\\\/person\\\/ce27b3a623ee7463451959870b4e509f\",\"name\":\"Ricardo Benjumea\",\"image\":{\"@type\":\"ImageObject\",\"inLanguage\":\"fr-FR\",\"@id\":\"https:\\\/\\\/secure.gravatar.com\\\/avatar\\\/fd52dd207ade52a2d22a331a6f9f53237aee43eb267161478cf9c5d6a5c87def?s=96&d=mm&r=g\",\"url\":\"https:\\\/\\\/secure.gravatar.com\\\/avatar\\\/fd52dd207ade52a2d22a331a6f9f53237aee43eb267161478cf9c5d6a5c87def?s=96&d=mm&r=g\",\"contentUrl\":\"https:\\\/\\\/secure.gravatar.com\\\/avatar\\\/fd52dd207ade52a2d22a331a6f9f53237aee43eb267161478cf9c5d6a5c87def?s=96&d=mm&r=g\",\"caption\":\"Ricardo Benjumea\"},\"url\":\"https:\\\/\\\/vedruna.org\\\/fr\\\/author\\\/ricardo-benjumea\\\/\"}]}<\/script>\n<!-- \/ Yoast SEO plugin. -->","yoast_head_json":{"title":"Centre Kekeli : un espace s\u00fbr pour le d\u00e9veloppement sain des filles victimes de violence au Togo - Carmelitas de la Caridad Vedruna","description":"La Fondation Vic signe un accord avec la Fondation Ibercaja pour soutenir les enfants vuln\u00e9rables du centre Kekeli au Togo.","robots":{"index":"index","follow":"follow","max-snippet":"max-snippet:-1","max-image-preview":"max-image-preview:large","max-video-preview":"max-video-preview:-1"},"canonical":"https:\/\/vedruna.org\/fr\/centre-kekeli-un-espace-sur-pour-le-developpement-sain-des-filles-victimes-de-violence-au-togo\/","og_locale":"fr_FR","og_type":"article","og_title":"Centre Kekeli : un espace s\u00fbr pour le d\u00e9veloppement sain des filles victimes de violence au Togo - Carmelitas de la Caridad Vedruna","og_description":"La Fondation Vic signe un accord avec la Fondation Ibercaja pour soutenir les enfants vuln\u00e9rables du centre Kekeli au Togo.","og_url":"https:\/\/vedruna.org\/fr\/centre-kekeli-un-espace-sur-pour-le-developpement-sain-des-filles-victimes-de-violence-au-togo\/","og_site_name":"Carmelitas de la Caridad Vedruna","article_published_time":"2023-11-28T19:29:18+00:00","article_modified_time":"2023-11-28T19:29:27+00:00","og_image":[{"width":2560,"height":1708,"url":"https:\/\/vedruna.org\/wp-content\/uploads\/2023\/11\/2023_firma_convenio_fundacion_ibercaja-scaled-e1701199515406.jpg","type":"image\/jpeg"}],"author":"Ricardo Benjumea","twitter_card":"summary_large_image","twitter_misc":{"\u00c9crit par":"Ricardo Benjumea"},"schema":{"@context":"https:\/\/schema.org","@graph":[{"@type":"Article","@id":"https:\/\/vedruna.org\/fr\/centre-kekeli-un-espace-sur-pour-le-developpement-sain-des-filles-victimes-de-violence-au-togo\/#article","isPartOf":{"@id":"https:\/\/vedruna.org\/fr\/centre-kekeli-un-espace-sur-pour-le-developpement-sain-des-filles-victimes-de-violence-au-togo\/"},"author":{"name":"Ricardo Benjumea","@id":"https:\/\/vedruna.org\/fr\/#\/schema\/person\/ce27b3a623ee7463451959870b4e509f"},"headline":"Centre Kekeli : un espace s\u00fbr pour le d\u00e9veloppement sain des filles victimes de violence au Togo","datePublished":"2023-11-28T19:29:18+00:00","dateModified":"2023-11-28T19:29:27+00:00","mainEntityOfPage":{"@id":"https:\/\/vedruna.org\/fr\/centre-kekeli-un-espace-sur-pour-le-developpement-sain-des-filles-victimes-de-violence-au-togo\/"},"wordCount":105,"publisher":{"@id":"https:\/\/vedruna.org\/fr\/#organization"},"image":{"@id":"https:\/\/vedruna.org\/fr\/centre-kekeli-un-espace-sur-pour-le-developpement-sain-des-filles-victimes-de-violence-au-togo\/#primaryimage"},"thumbnailUrl":"https:\/\/vedruna.org\/wp-content\/uploads\/2023\/11\/2023_firma_convenio_fundacion_ibercaja-scaled-e1701199515406.jpg","articleSection":["Fondation Vic"],"inLanguage":"fr-FR"},{"@type":"WebPage","@id":"https:\/\/vedruna.org\/fr\/centre-kekeli-un-espace-sur-pour-le-developpement-sain-des-filles-victimes-de-violence-au-togo\/","url":"https:\/\/vedruna.org\/fr\/centre-kekeli-un-espace-sur-pour-le-developpement-sain-des-filles-victimes-de-violence-au-togo\/","name":"Centre Kekeli : un espace s\u00fbr pour le d\u00e9veloppement sain des filles victimes de violence au Togo - Carmelitas de la Caridad Vedruna","isPartOf":{"@id":"https:\/\/vedruna.org\/fr\/#website"},"primaryImageOfPage":{"@id":"https:\/\/vedruna.org\/fr\/centre-kekeli-un-espace-sur-pour-le-developpement-sain-des-filles-victimes-de-violence-au-togo\/#primaryimage"},"image":{"@id":"https:\/\/vedruna.org\/fr\/centre-kekeli-un-espace-sur-pour-le-developpement-sain-des-filles-victimes-de-violence-au-togo\/#primaryimage"},"thumbnailUrl":"https:\/\/vedruna.org\/wp-content\/uploads\/2023\/11\/2023_firma_convenio_fundacion_ibercaja-scaled-e1701199515406.jpg","datePublished":"2023-11-28T19:29:18+00:00","dateModified":"2023-11-28T19:29:27+00:00","description":"La Fondation Vic signe un accord avec la Fondation Ibercaja pour soutenir les enfants vuln\u00e9rables du centre Kekeli au Togo.","breadcrumb":{"@id":"https:\/\/vedruna.org\/fr\/centre-kekeli-un-espace-sur-pour-le-developpement-sain-des-filles-victimes-de-violence-au-togo\/#breadcrumb"},"inLanguage":"fr-FR","potentialAction":[{"@type":"ReadAction","target":["https:\/\/vedruna.org\/fr\/centre-kekeli-un-espace-sur-pour-le-developpement-sain-des-filles-victimes-de-violence-au-togo\/"]}]},{"@type":"ImageObject","inLanguage":"fr-FR","@id":"https:\/\/vedruna.org\/fr\/centre-kekeli-un-espace-sur-pour-le-developpement-sain-des-filles-victimes-de-violence-au-togo\/#primaryimage","url":"https:\/\/vedruna.org\/wp-content\/uploads\/2023\/11\/2023_firma_convenio_fundacion_ibercaja-scaled-e1701199515406.jpg","contentUrl":"https:\/\/vedruna.org\/wp-content\/uploads\/2023\/11\/2023_firma_convenio_fundacion_ibercaja-scaled-e1701199515406.jpg","width":2560,"height":1708},{"@type":"BreadcrumbList","@id":"https:\/\/vedruna.org\/fr\/centre-kekeli-un-espace-sur-pour-le-developpement-sain-des-filles-victimes-de-violence-au-togo\/#breadcrumb","itemListElement":[{"@type":"ListItem","position":1,"name":"Portada","item":"https:\/\/vedruna.org\/fr\/"},{"@type":"ListItem","position":2,"name":"Centre Kekeli : un espace s\u00fbr pour le d\u00e9veloppement sain des filles victimes de violence au Togo"}]},{"@type":"WebSite","@id":"https:\/\/vedruna.org\/fr\/#website","url":"https:\/\/vedruna.org\/fr\/","name":"Carmelitas de la Caridad Vedruna","description":"Carmelitas de la caridad","publisher":{"@id":"https:\/\/vedruna.org\/fr\/#organization"},"potentialAction":[{"@type":"SearchAction","target":{"@type":"EntryPoint","urlTemplate":"https:\/\/vedruna.org\/fr\/?s={search_term_string}"},"query-input":{"@type":"PropertyValueSpecification","valueRequired":true,"valueName":"search_term_string"}}],"inLanguage":"fr-FR"},{"@type":"Organization","@id":"https:\/\/vedruna.org\/fr\/#organization","name":"Carmelitas de la caridad Vedruna","url":"https:\/\/vedruna.org\/fr\/","logo":{"@type":"ImageObject","inLanguage":"fr-FR","@id":"https:\/\/vedruna.org\/fr\/#\/schema\/logo\/image\/","url":"https:\/\/vedruna.org\/wp-content\/uploads\/2022\/04\/LOGO-VEDRUNA-HORIZONTAL.png","contentUrl":"https:\/\/vedruna.org\/wp-content\/uploads\/2022\/04\/LOGO-VEDRUNA-HORIZONTAL.png","width":1200,"height":463,"caption":"Carmelitas de la caridad Vedruna"},"image":{"@id":"https:\/\/vedruna.org\/fr\/#\/schema\/logo\/image\/"}},{"@type":"Person","@id":"https:\/\/vedruna.org\/fr\/#\/schema\/person\/ce27b3a623ee7463451959870b4e509f","name":"Ricardo Benjumea","image":{"@type":"ImageObject","inLanguage":"fr-FR","@id":"https:\/\/secure.gravatar.com\/avatar\/fd52dd207ade52a2d22a331a6f9f53237aee43eb267161478cf9c5d6a5c87def?s=96&d=mm&r=g","url":"https:\/\/secure.gravatar.com\/avatar\/fd52dd207ade52a2d22a331a6f9f53237aee43eb267161478cf9c5d6a5c87def?s=96&d=mm&r=g","contentUrl":"https:\/\/secure.gravatar.com\/avatar\/fd52dd207ade52a2d22a331a6f9f53237aee43eb267161478cf9c5d6a5c87def?s=96&d=mm&r=g","caption":"Ricardo Benjumea"},"url":"https:\/\/vedruna.org\/fr\/author\/ricardo-benjumea\/"}]}},"_links":{"self":[{"href":"https:\/\/vedruna.org\/fr\/wp-json\/wp\/v2\/posts\/6463","targetHints":{"allow":["GET"]}}],"collection":[{"href":"https:\/\/vedruna.org\/fr\/wp-json\/wp\/v2\/posts"}],"about":[{"href":"https:\/\/vedruna.org\/fr\/wp-json\/wp\/v2\/types\/post"}],"author":[{"embeddable":true,"href":"https:\/\/vedruna.org\/fr\/wp-json\/wp\/v2\/users\/19"}],"replies":[{"embeddable":true,"href":"https:\/\/vedruna.org\/fr\/wp-json\/wp\/v2\/comments?post=6463"}],"version-history":[{"count":1,"href":"https:\/\/vedruna.org\/fr\/wp-json\/wp\/v2\/posts\/6463\/revisions"}],"predecessor-version":[{"id":6465,"href":"https:\/\/vedruna.org\/fr\/wp-json\/wp\/v2\/posts\/6463\/revisions\/6465"}],"wp:featuredmedia":[{"embeddable":true,"href":"https:\/\/vedruna.org\/fr\/wp-json\/wp\/v2\/media\/6455"}],"wp:attachment":[{"href":"https:\/\/vedruna.org\/fr\/wp-json\/wp\/v2\/media?parent=6463"}],"wp:term":[{"taxonomy":"category","embeddable":true,"href":"https:\/\/vedruna.org\/fr\/wp-json\/wp\/v2\/categories?post=6463"},{"taxonomy":"post_tag","embeddable":true,"href":"https:\/\/vedruna.org\/fr\/wp-json\/wp\/v2\/tags?post=6463"}],"curies":[{"name":"wp","href":"https:\/\/api.w.org\/{rel}","templated":true}]}}