{"id":6633,"date":"2023-12-01T20:48:00","date_gmt":"2023-12-01T19:48:00","guid":{"rendered":"https:\/\/vedruna.org\/merci-de-donner-de-la-visibilite-a-des-vies-si-brisees-et-violees\/"},"modified":"2025-06-13T16:35:21","modified_gmt":"2025-06-13T14:35:21","slug":"merci-de-donner-de-la-visibilite-a-des-vies-si-brisees-et-violees","status":"publish","type":"post","link":"https:\/\/vedruna.org\/fr\/merci-de-donner-de-la-visibilite-a-des-vies-si-brisees-et-violees\/","title":{"rendered":"\u00ab\u00a0Merci de donner de la visibilit\u00e9 \u00e0 des vies si bris\u00e9es et viol\u00e9es\u00a0\u00bb"},"content":{"rendered":"\n<p>Herminia \u00c1lvarez repr\u00e9sente Vedruna au vernissage de l&rsquo;exposition photographique \u00ab\u00a0Ni\u00f1os esclavos. La porte de derri\u00e8re\u00a0\u00bb, que l&rsquo;on peut visiter au Mus\u00e9e des Missions Sal\u00e9siennes jusqu&rsquo;\u00e0 la fin du mois de mars.<\/p>\n\n\n\n<p>Le mus\u00e9e des missions sal\u00e9siennes de Madrid accueille jusqu&rsquo;au 27 mars l&rsquo;exposition \u00ab\u00a0Enfants esclaves. La puerta de atr\u00e1s\u00a0\u00bb, une exposition photographique d&rsquo;Ana Palacios qui a visit\u00e9 plusieurs centres de r\u00e9cup\u00e9ration d&rsquo;enfants victimes d&rsquo;esclavage sexuel et de travail au B\u00e9nin, au Gabon et au Togo. Les projets sont g\u00e9r\u00e9s par les Sal\u00e9siens, les Mensajeros de la Paz et les Carmelitas de la Caridad Vedruna ; dans ce dernier cas, le centre Kekeli au Togo et Arc en Ciel au Gabon.<\/p>\n\n\n\n<p>Accompagnant la journaliste et cin\u00e9aste, auteur d&rsquo;un livre et d&rsquo;un documentaire portant le m\u00eame titre que l&rsquo;exposition, Herminia \u00c1lvarez a particip\u00e9 au nom de Vedruna, de l&rsquo;<a href=\"https:\/\/soliveong.es\/\"> ONG Solive<\/a> et de la <a href=\"http:\/\/www.fundacionvic.org\/es\/index.htm\">Fondation Vic<\/a>. \u00ab\u00a0Je suis ici au nom des s\u0153urs Vedruna et des \u00e9ducateurs qui vivent \u00e0 Libreville et \u00e0 Lom\u00e9 et qui rendent possible l&rsquo;accueil et la vie dont t\u00e9moigne cette exposition\u00a0\u00bb, a-t-il d\u00e9clar\u00e9. \u00ab\u00a0Ils vivent, jour et nuit, dans les centres d&rsquo;h\u00e9bergement et de transit, sur les march\u00e9s, dans la rue, en prison&#8230; Ils g\u00e9n\u00e8rent de la famille pour les enfants qui connaissent tant de difficult\u00e9s. Arc en Ciel au Gabon et le Centre Kekeli au Togo sont des espaces de famille, de pr\u00e9sent et d&rsquo;avenir.<\/p>\n\n\n\n<p>\u00ab\u00a0Je tiens \u00e9galement \u00e0 souligner le travail conjoint\u00a0\u00bb que ces \u0153uvres de Vedruna \u00ab\u00a0r\u00e9alisent l\u00e0-bas avec d&rsquo;autres entit\u00e9s\u00a0\u00bb, a-t-il ajout\u00e9, faisant allusion \u00e0 l&rsquo;importance de la coop\u00e9ration et du \u00ab\u00a0soutien mutuel\u00a0\u00bb avec des organisations telles que Mensajeros de la Paz et la congr\u00e9gation des Sal\u00e9siens.<\/p>\n\n\n\n<figure class=\"wp-block-image size-large\"><img loading=\"lazy\" decoding=\"async\" width=\"1600\" height=\"845\" src=\"https:\/\/vedruna.org\/wp-content\/uploads\/2023\/11\/SALUDOS-e1701270386884.jpg\" alt=\"\" class=\"wp-image-6603\" srcset=\"https:\/\/vedruna.org\/wp-content\/uploads\/2023\/11\/SALUDOS-e1701270386884.jpg 1600w, https:\/\/vedruna.org\/wp-content\/uploads\/2023\/11\/SALUDOS-e1701270386884-1280x720.jpg 1280w, https:\/\/vedruna.org\/wp-content\/uploads\/2023\/11\/SALUDOS-e1701270386884-980x551.jpg 980w, https:\/\/vedruna.org\/wp-content\/uploads\/2023\/11\/SALUDOS-e1701270386884-480x270.jpg 480w\" sizes=\"(min-width: 0px) and (max-width: 480px) 480px, (min-width: 481px) and (max-width: 980px) 980px, (min-width: 981px) and (max-width: 1280px) 1280px, (min-width: 1281px) 1600px, 100vw\" \/><figcaption class=\"wp-element-caption\">Photo \u00a9 Daniel Sanchez<\/figcaption><\/figure>\n\n\n\n<p>Herminia \u00c1lvarez a salu\u00e9 le travail d&rsquo;Ana Palacios pour sa \u00ab\u00a0merveilleuse fa\u00e7on d&rsquo;exposer et de donner de la visibilit\u00e9 \u00e0 des vies aussi bris\u00e9es et viol\u00e9es, et de le faire d&rsquo;une mani\u00e8re aussi belle, qui montre qu&rsquo;il y a aussi des moyens de s&rsquo;en sortir pour eux. La mise au point de votre appareil photo les remplit de dignit\u00e9\u00a0\u00bb, a-t-elle d\u00e9clar\u00e9.<\/p>\n\n\n\n<p>Des remerciements ont \u00e9galement \u00e9t\u00e9 adress\u00e9s aux Missions sal\u00e9siennes, responsables d&rsquo;une exposition qui s&rsquo;inscrit dans le cadre de la campagne \u00ab\u00a0R\u00eaver sans cha\u00eenes\u00a0\u00bb, qui vise \u00e0 d\u00e9noncer la r\u00e9alit\u00e9 dans laquelle vivent des millions de mineurs, soumis aux pires formes d&rsquo;exploitation.<\/p>\n\n\n\n<p>Parall\u00e8lement \u00e0 cette exposition photographique, vous pourrez visiter l&rsquo;espace UBUNTU qui, par le biais du jeu, cherche \u00e0 susciter une r\u00e9flexion sur la situation de vuln\u00e9rabilit\u00e9 des mineurs et met en valeur l&rsquo;apport des cultures africaines.<\/p>\n\n\n\n<p>Les deux expositions peuvent \u00eatre visit\u00e9es gratuitement du lundi au vendredi, de 11 heures \u00e0 15 heures.  <\/p>\n","protected":false},"excerpt":{"rendered":"<p>Herminia \u00c1lvarez repr\u00e9sente Vedruna au vernissage de l&rsquo;exposition photographique \u00ab\u00a0Ni\u00f1os esclavos. La porte de derri\u00e8re\u00a0\u00bb, que l&rsquo;on peut visiter au Mus\u00e9e des Missions Sal\u00e9siennes jusqu&rsquo;\u00e0 la fin du mois de mars. Le mus\u00e9e des missions sal\u00e9siennes de Madrid accueille jusqu&rsquo;au 27 mars l&rsquo;exposition \u00ab\u00a0Enfants esclaves. La puerta de atr\u00e1s\u00a0\u00bb, une exposition photographique d&rsquo;Ana Palacios qui [&hellip;]<\/p>\n","protected":false},"author":19,"featured_media":6610,"comment_status":"closed","ping_status":"closed","sticky":false,"template":"","format":"standard","meta":{"_et_pb_use_builder":"","_et_pb_old_content":"","_et_gb_content_width":"","pgc_sgb_lightbox_settings":"","footnotes":""},"categories":[314,230],"tags":[],"class_list":["post-6633","post","type-post","status-publish","format-standard","has-post-thumbnail","hentry","category-fondation-vic","category-solive-fr"],"yoast_head":"<!-- This site is optimized with the Yoast SEO plugin v27.5 - https:\/\/yoast.com\/product\/yoast-seo-wordpress\/ -->\n<title>&quot;Merci de donner de la visibilit\u00e9 \u00e0 des vies si bris\u00e9es et viol\u00e9es&quot; - Carmelitas de la Caridad Vedruna<\/title>\n<meta name=\"description\" content=\"Herminia \u00c1lvarez participe au vernissage de l&#039;exposition &quot;Enfants esclaves. La puerta de atr\u00e1s&quot;, au mus\u00e9e des missions sal\u00e9siennes, avec des photos d&#039;Ana Palacios au Togo et au Gabon.\" \/>\n<meta name=\"robots\" content=\"index, follow, max-snippet:-1, max-image-preview:large, max-video-preview:-1\" \/>\n<link rel=\"canonical\" href=\"https:\/\/vedruna.org\/fr\/merci-de-donner-de-la-visibilite-a-des-vies-si-brisees-et-violees\/\" \/>\n<meta property=\"og:locale\" content=\"fr_FR\" \/>\n<meta property=\"og:type\" content=\"article\" \/>\n<meta property=\"og:title\" content=\"&quot;Merci de donner de la visibilit\u00e9 \u00e0 des vies si bris\u00e9es et viol\u00e9es&quot; - Carmelitas de la Caridad Vedruna\" \/>\n<meta property=\"og:description\" content=\"Herminia \u00c1lvarez participe au vernissage de l&#039;exposition &quot;Enfants esclaves. La puerta de atr\u00e1s&quot;, au mus\u00e9e des missions sal\u00e9siennes, avec des photos d&#039;Ana Palacios au Togo et au Gabon.\" \/>\n<meta property=\"og:url\" content=\"https:\/\/vedruna.org\/fr\/merci-de-donner-de-la-visibilite-a-des-vies-si-brisees-et-violees\/\" \/>\n<meta property=\"og:site_name\" content=\"Carmelitas de la Caridad Vedruna\" \/>\n<meta property=\"article:published_time\" content=\"2023-12-01T19:48:00+00:00\" \/>\n<meta property=\"article:modified_time\" content=\"2025-06-13T14:35:21+00:00\" \/>\n<meta property=\"og:image\" content=\"https:\/\/vedruna.org\/wp-content\/uploads\/2023\/11\/inauguracion_ninos_esclavos06_museo-e1701373707352.jpg\" \/>\n\t<meta property=\"og:image:width\" content=\"800\" \/>\n\t<meta property=\"og:image:height\" content=\"600\" \/>\n\t<meta property=\"og:image:type\" content=\"image\/jpeg\" \/>\n<meta name=\"author\" content=\"Ricardo Benjumea\" \/>\n<meta name=\"twitter:card\" content=\"summary_large_image\" \/>\n<meta name=\"twitter:label1\" content=\"\u00c9crit par\" \/>\n\t<meta name=\"twitter:data1\" content=\"Ricardo Benjumea\" \/>\n\t<meta name=\"twitter:label2\" content=\"Dur\u00e9e de lecture estim\u00e9e\" \/>\n\t<meta name=\"twitter:data2\" content=\"3 minutes\" \/>\n<script type=\"application\/ld+json\" class=\"yoast-schema-graph\">{\"@context\":\"https:\\\/\\\/schema.org\",\"@graph\":[{\"@type\":\"Article\",\"@id\":\"https:\\\/\\\/vedruna.org\\\/fr\\\/merci-de-donner-de-la-visibilite-a-des-vies-si-brisees-et-violees\\\/#article\",\"isPartOf\":{\"@id\":\"https:\\\/\\\/vedruna.org\\\/fr\\\/merci-de-donner-de-la-visibilite-a-des-vies-si-brisees-et-violees\\\/\"},\"author\":{\"name\":\"Ricardo Benjumea\",\"@id\":\"https:\\\/\\\/vedruna.org\\\/fr\\\/#\\\/schema\\\/person\\\/ce27b3a623ee7463451959870b4e509f\"},\"headline\":\"\u00ab\u00a0Merci de donner de la visibilit\u00e9 \u00e0 des vies si bris\u00e9es et viol\u00e9es\u00a0\u00bb\",\"datePublished\":\"2023-12-01T19:48:00+00:00\",\"dateModified\":\"2025-06-13T14:35:21+00:00\",\"mainEntityOfPage\":{\"@id\":\"https:\\\/\\\/vedruna.org\\\/fr\\\/merci-de-donner-de-la-visibilite-a-des-vies-si-brisees-et-violees\\\/\"},\"wordCount\":504,\"publisher\":{\"@id\":\"https:\\\/\\\/vedruna.org\\\/fr\\\/#organization\"},\"image\":{\"@id\":\"https:\\\/\\\/vedruna.org\\\/fr\\\/merci-de-donner-de-la-visibilite-a-des-vies-si-brisees-et-violees\\\/#primaryimage\"},\"thumbnailUrl\":\"https:\\\/\\\/vedruna.org\\\/wp-content\\\/uploads\\\/2023\\\/11\\\/inauguracion_ninos_esclavos06_museo-e1701373707352.jpg\",\"articleSection\":[\"Fondation Vic\",\"SOLIVE\"],\"inLanguage\":\"fr-FR\"},{\"@type\":\"WebPage\",\"@id\":\"https:\\\/\\\/vedruna.org\\\/fr\\\/merci-de-donner-de-la-visibilite-a-des-vies-si-brisees-et-violees\\\/\",\"url\":\"https:\\\/\\\/vedruna.org\\\/fr\\\/merci-de-donner-de-la-visibilite-a-des-vies-si-brisees-et-violees\\\/\",\"name\":\"\\\"Merci de donner de la visibilit\u00e9 \u00e0 des vies si bris\u00e9es et viol\u00e9es\\\" - Carmelitas de la Caridad Vedruna\",\"isPartOf\":{\"@id\":\"https:\\\/\\\/vedruna.org\\\/fr\\\/#website\"},\"primaryImageOfPage\":{\"@id\":\"https:\\\/\\\/vedruna.org\\\/fr\\\/merci-de-donner-de-la-visibilite-a-des-vies-si-brisees-et-violees\\\/#primaryimage\"},\"image\":{\"@id\":\"https:\\\/\\\/vedruna.org\\\/fr\\\/merci-de-donner-de-la-visibilite-a-des-vies-si-brisees-et-violees\\\/#primaryimage\"},\"thumbnailUrl\":\"https:\\\/\\\/vedruna.org\\\/wp-content\\\/uploads\\\/2023\\\/11\\\/inauguracion_ninos_esclavos06_museo-e1701373707352.jpg\",\"datePublished\":\"2023-12-01T19:48:00+00:00\",\"dateModified\":\"2025-06-13T14:35:21+00:00\",\"description\":\"Herminia \u00c1lvarez participe au vernissage de l'exposition \\\"Enfants esclaves. La puerta de atr\u00e1s\\\", au mus\u00e9e des missions sal\u00e9siennes, avec des photos d'Ana Palacios au Togo et au Gabon.\",\"breadcrumb\":{\"@id\":\"https:\\\/\\\/vedruna.org\\\/fr\\\/merci-de-donner-de-la-visibilite-a-des-vies-si-brisees-et-violees\\\/#breadcrumb\"},\"inLanguage\":\"fr-FR\",\"potentialAction\":[{\"@type\":\"ReadAction\",\"target\":[\"https:\\\/\\\/vedruna.org\\\/fr\\\/merci-de-donner-de-la-visibilite-a-des-vies-si-brisees-et-violees\\\/\"]}]},{\"@type\":\"ImageObject\",\"inLanguage\":\"fr-FR\",\"@id\":\"https:\\\/\\\/vedruna.org\\\/fr\\\/merci-de-donner-de-la-visibilite-a-des-vies-si-brisees-et-violees\\\/#primaryimage\",\"url\":\"https:\\\/\\\/vedruna.org\\\/wp-content\\\/uploads\\\/2023\\\/11\\\/inauguracion_ninos_esclavos06_museo-e1701373707352.jpg\",\"contentUrl\":\"https:\\\/\\\/vedruna.org\\\/wp-content\\\/uploads\\\/2023\\\/11\\\/inauguracion_ninos_esclavos06_museo-e1701373707352.jpg\",\"width\":800,\"height\":600},{\"@type\":\"BreadcrumbList\",\"@id\":\"https:\\\/\\\/vedruna.org\\\/fr\\\/merci-de-donner-de-la-visibilite-a-des-vies-si-brisees-et-violees\\\/#breadcrumb\",\"itemListElement\":[{\"@type\":\"ListItem\",\"position\":1,\"name\":\"Portada\",\"item\":\"https:\\\/\\\/vedruna.org\\\/fr\\\/\"},{\"@type\":\"ListItem\",\"position\":2,\"name\":\"\u00abMerci de donner de la visibilit\u00e9 \u00e0 des vies si bris\u00e9es et viol\u00e9es\u00bb\"}]},{\"@type\":\"WebSite\",\"@id\":\"https:\\\/\\\/vedruna.org\\\/fr\\\/#website\",\"url\":\"https:\\\/\\\/vedruna.org\\\/fr\\\/\",\"name\":\"Carmelitas de la Caridad Vedruna\",\"description\":\"Carmelitas de la caridad\",\"publisher\":{\"@id\":\"https:\\\/\\\/vedruna.org\\\/fr\\\/#organization\"},\"potentialAction\":[{\"@type\":\"SearchAction\",\"target\":{\"@type\":\"EntryPoint\",\"urlTemplate\":\"https:\\\/\\\/vedruna.org\\\/fr\\\/?s={search_term_string}\"},\"query-input\":{\"@type\":\"PropertyValueSpecification\",\"valueRequired\":true,\"valueName\":\"search_term_string\"}}],\"inLanguage\":\"fr-FR\"},{\"@type\":\"Organization\",\"@id\":\"https:\\\/\\\/vedruna.org\\\/fr\\\/#organization\",\"name\":\"Carmelitas de la caridad Vedruna\",\"url\":\"https:\\\/\\\/vedruna.org\\\/fr\\\/\",\"logo\":{\"@type\":\"ImageObject\",\"inLanguage\":\"fr-FR\",\"@id\":\"https:\\\/\\\/vedruna.org\\\/fr\\\/#\\\/schema\\\/logo\\\/image\\\/\",\"url\":\"https:\\\/\\\/vedruna.org\\\/wp-content\\\/uploads\\\/2022\\\/04\\\/LOGO-VEDRUNA-HORIZONTAL.png\",\"contentUrl\":\"https:\\\/\\\/vedruna.org\\\/wp-content\\\/uploads\\\/2022\\\/04\\\/LOGO-VEDRUNA-HORIZONTAL.png\",\"width\":1200,\"height\":463,\"caption\":\"Carmelitas de la caridad Vedruna\"},\"image\":{\"@id\":\"https:\\\/\\\/vedruna.org\\\/fr\\\/#\\\/schema\\\/logo\\\/image\\\/\"}},{\"@type\":\"Person\",\"@id\":\"https:\\\/\\\/vedruna.org\\\/fr\\\/#\\\/schema\\\/person\\\/ce27b3a623ee7463451959870b4e509f\",\"name\":\"Ricardo Benjumea\",\"image\":{\"@type\":\"ImageObject\",\"inLanguage\":\"fr-FR\",\"@id\":\"https:\\\/\\\/secure.gravatar.com\\\/avatar\\\/fd52dd207ade52a2d22a331a6f9f53237aee43eb267161478cf9c5d6a5c87def?s=96&d=mm&r=g\",\"url\":\"https:\\\/\\\/secure.gravatar.com\\\/avatar\\\/fd52dd207ade52a2d22a331a6f9f53237aee43eb267161478cf9c5d6a5c87def?s=96&d=mm&r=g\",\"contentUrl\":\"https:\\\/\\\/secure.gravatar.com\\\/avatar\\\/fd52dd207ade52a2d22a331a6f9f53237aee43eb267161478cf9c5d6a5c87def?s=96&d=mm&r=g\",\"caption\":\"Ricardo Benjumea\"},\"url\":\"https:\\\/\\\/vedruna.org\\\/fr\\\/author\\\/ricardo-benjumea\\\/\"}]}<\/script>\n<!-- \/ Yoast SEO plugin. -->","yoast_head_json":{"title":"\"Merci de donner de la visibilit\u00e9 \u00e0 des vies si bris\u00e9es et viol\u00e9es\" - Carmelitas de la Caridad Vedruna","description":"Herminia \u00c1lvarez participe au vernissage de l'exposition \"Enfants esclaves. La puerta de atr\u00e1s\", au mus\u00e9e des missions sal\u00e9siennes, avec des photos d'Ana Palacios au Togo et au Gabon.","robots":{"index":"index","follow":"follow","max-snippet":"max-snippet:-1","max-image-preview":"max-image-preview:large","max-video-preview":"max-video-preview:-1"},"canonical":"https:\/\/vedruna.org\/fr\/merci-de-donner-de-la-visibilite-a-des-vies-si-brisees-et-violees\/","og_locale":"fr_FR","og_type":"article","og_title":"\"Merci de donner de la visibilit\u00e9 \u00e0 des vies si bris\u00e9es et viol\u00e9es\" - Carmelitas de la Caridad Vedruna","og_description":"Herminia \u00c1lvarez participe au vernissage de l'exposition \"Enfants esclaves. La puerta de atr\u00e1s\", au mus\u00e9e des missions sal\u00e9siennes, avec des photos d'Ana Palacios au Togo et au Gabon.","og_url":"https:\/\/vedruna.org\/fr\/merci-de-donner-de-la-visibilite-a-des-vies-si-brisees-et-violees\/","og_site_name":"Carmelitas de la Caridad Vedruna","article_published_time":"2023-12-01T19:48:00+00:00","article_modified_time":"2025-06-13T14:35:21+00:00","og_image":[{"width":800,"height":600,"url":"https:\/\/vedruna.org\/wp-content\/uploads\/2023\/11\/inauguracion_ninos_esclavos06_museo-e1701373707352.jpg","type":"image\/jpeg"}],"author":"Ricardo Benjumea","twitter_card":"summary_large_image","twitter_misc":{"\u00c9crit par":"Ricardo Benjumea","Dur\u00e9e de lecture estim\u00e9e":"3 minutes"},"schema":{"@context":"https:\/\/schema.org","@graph":[{"@type":"Article","@id":"https:\/\/vedruna.org\/fr\/merci-de-donner-de-la-visibilite-a-des-vies-si-brisees-et-violees\/#article","isPartOf":{"@id":"https:\/\/vedruna.org\/fr\/merci-de-donner-de-la-visibilite-a-des-vies-si-brisees-et-violees\/"},"author":{"name":"Ricardo Benjumea","@id":"https:\/\/vedruna.org\/fr\/#\/schema\/person\/ce27b3a623ee7463451959870b4e509f"},"headline":"\u00ab\u00a0Merci de donner de la visibilit\u00e9 \u00e0 des vies si bris\u00e9es et viol\u00e9es\u00a0\u00bb","datePublished":"2023-12-01T19:48:00+00:00","dateModified":"2025-06-13T14:35:21+00:00","mainEntityOfPage":{"@id":"https:\/\/vedruna.org\/fr\/merci-de-donner-de-la-visibilite-a-des-vies-si-brisees-et-violees\/"},"wordCount":504,"publisher":{"@id":"https:\/\/vedruna.org\/fr\/#organization"},"image":{"@id":"https:\/\/vedruna.org\/fr\/merci-de-donner-de-la-visibilite-a-des-vies-si-brisees-et-violees\/#primaryimage"},"thumbnailUrl":"https:\/\/vedruna.org\/wp-content\/uploads\/2023\/11\/inauguracion_ninos_esclavos06_museo-e1701373707352.jpg","articleSection":["Fondation Vic","SOLIVE"],"inLanguage":"fr-FR"},{"@type":"WebPage","@id":"https:\/\/vedruna.org\/fr\/merci-de-donner-de-la-visibilite-a-des-vies-si-brisees-et-violees\/","url":"https:\/\/vedruna.org\/fr\/merci-de-donner-de-la-visibilite-a-des-vies-si-brisees-et-violees\/","name":"\"Merci de donner de la visibilit\u00e9 \u00e0 des vies si bris\u00e9es et viol\u00e9es\" - Carmelitas de la Caridad Vedruna","isPartOf":{"@id":"https:\/\/vedruna.org\/fr\/#website"},"primaryImageOfPage":{"@id":"https:\/\/vedruna.org\/fr\/merci-de-donner-de-la-visibilite-a-des-vies-si-brisees-et-violees\/#primaryimage"},"image":{"@id":"https:\/\/vedruna.org\/fr\/merci-de-donner-de-la-visibilite-a-des-vies-si-brisees-et-violees\/#primaryimage"},"thumbnailUrl":"https:\/\/vedruna.org\/wp-content\/uploads\/2023\/11\/inauguracion_ninos_esclavos06_museo-e1701373707352.jpg","datePublished":"2023-12-01T19:48:00+00:00","dateModified":"2025-06-13T14:35:21+00:00","description":"Herminia \u00c1lvarez participe au vernissage de l'exposition \"Enfants esclaves. La puerta de atr\u00e1s\", au mus\u00e9e des missions sal\u00e9siennes, avec des photos d'Ana Palacios au Togo et au Gabon.","breadcrumb":{"@id":"https:\/\/vedruna.org\/fr\/merci-de-donner-de-la-visibilite-a-des-vies-si-brisees-et-violees\/#breadcrumb"},"inLanguage":"fr-FR","potentialAction":[{"@type":"ReadAction","target":["https:\/\/vedruna.org\/fr\/merci-de-donner-de-la-visibilite-a-des-vies-si-brisees-et-violees\/"]}]},{"@type":"ImageObject","inLanguage":"fr-FR","@id":"https:\/\/vedruna.org\/fr\/merci-de-donner-de-la-visibilite-a-des-vies-si-brisees-et-violees\/#primaryimage","url":"https:\/\/vedruna.org\/wp-content\/uploads\/2023\/11\/inauguracion_ninos_esclavos06_museo-e1701373707352.jpg","contentUrl":"https:\/\/vedruna.org\/wp-content\/uploads\/2023\/11\/inauguracion_ninos_esclavos06_museo-e1701373707352.jpg","width":800,"height":600},{"@type":"BreadcrumbList","@id":"https:\/\/vedruna.org\/fr\/merci-de-donner-de-la-visibilite-a-des-vies-si-brisees-et-violees\/#breadcrumb","itemListElement":[{"@type":"ListItem","position":1,"name":"Portada","item":"https:\/\/vedruna.org\/fr\/"},{"@type":"ListItem","position":2,"name":"\u00abMerci de donner de la visibilit\u00e9 \u00e0 des vies si bris\u00e9es et viol\u00e9es\u00bb"}]},{"@type":"WebSite","@id":"https:\/\/vedruna.org\/fr\/#website","url":"https:\/\/vedruna.org\/fr\/","name":"Carmelitas de la Caridad Vedruna","description":"Carmelitas de la caridad","publisher":{"@id":"https:\/\/vedruna.org\/fr\/#organization"},"potentialAction":[{"@type":"SearchAction","target":{"@type":"EntryPoint","urlTemplate":"https:\/\/vedruna.org\/fr\/?s={search_term_string}"},"query-input":{"@type":"PropertyValueSpecification","valueRequired":true,"valueName":"search_term_string"}}],"inLanguage":"fr-FR"},{"@type":"Organization","@id":"https:\/\/vedruna.org\/fr\/#organization","name":"Carmelitas de la caridad Vedruna","url":"https:\/\/vedruna.org\/fr\/","logo":{"@type":"ImageObject","inLanguage":"fr-FR","@id":"https:\/\/vedruna.org\/fr\/#\/schema\/logo\/image\/","url":"https:\/\/vedruna.org\/wp-content\/uploads\/2022\/04\/LOGO-VEDRUNA-HORIZONTAL.png","contentUrl":"https:\/\/vedruna.org\/wp-content\/uploads\/2022\/04\/LOGO-VEDRUNA-HORIZONTAL.png","width":1200,"height":463,"caption":"Carmelitas de la caridad Vedruna"},"image":{"@id":"https:\/\/vedruna.org\/fr\/#\/schema\/logo\/image\/"}},{"@type":"Person","@id":"https:\/\/vedruna.org\/fr\/#\/schema\/person\/ce27b3a623ee7463451959870b4e509f","name":"Ricardo Benjumea","image":{"@type":"ImageObject","inLanguage":"fr-FR","@id":"https:\/\/secure.gravatar.com\/avatar\/fd52dd207ade52a2d22a331a6f9f53237aee43eb267161478cf9c5d6a5c87def?s=96&d=mm&r=g","url":"https:\/\/secure.gravatar.com\/avatar\/fd52dd207ade52a2d22a331a6f9f53237aee43eb267161478cf9c5d6a5c87def?s=96&d=mm&r=g","contentUrl":"https:\/\/secure.gravatar.com\/avatar\/fd52dd207ade52a2d22a331a6f9f53237aee43eb267161478cf9c5d6a5c87def?s=96&d=mm&r=g","caption":"Ricardo Benjumea"},"url":"https:\/\/vedruna.org\/fr\/author\/ricardo-benjumea\/"}]}},"_links":{"self":[{"href":"https:\/\/vedruna.org\/fr\/wp-json\/wp\/v2\/posts\/6633","targetHints":{"allow":["GET"]}}],"collection":[{"href":"https:\/\/vedruna.org\/fr\/wp-json\/wp\/v2\/posts"}],"about":[{"href":"https:\/\/vedruna.org\/fr\/wp-json\/wp\/v2\/types\/post"}],"author":[{"embeddable":true,"href":"https:\/\/vedruna.org\/fr\/wp-json\/wp\/v2\/users\/19"}],"replies":[{"embeddable":true,"href":"https:\/\/vedruna.org\/fr\/wp-json\/wp\/v2\/comments?post=6633"}],"version-history":[{"count":5,"href":"https:\/\/vedruna.org\/fr\/wp-json\/wp\/v2\/posts\/6633\/revisions"}],"predecessor-version":[{"id":25065,"href":"https:\/\/vedruna.org\/fr\/wp-json\/wp\/v2\/posts\/6633\/revisions\/25065"}],"wp:featuredmedia":[{"embeddable":true,"href":"https:\/\/vedruna.org\/fr\/wp-json\/wp\/v2\/media\/6610"}],"wp:attachment":[{"href":"https:\/\/vedruna.org\/fr\/wp-json\/wp\/v2\/media?parent=6633"}],"wp:term":[{"taxonomy":"category","embeddable":true,"href":"https:\/\/vedruna.org\/fr\/wp-json\/wp\/v2\/categories?post=6633"},{"taxonomy":"post_tag","embeddable":true,"href":"https:\/\/vedruna.org\/fr\/wp-json\/wp\/v2\/tags?post=6633"}],"curies":[{"name":"wp","href":"https:\/\/api.w.org\/{rel}","templated":true}]}}