{"id":7974,"date":"2024-01-10T07:08:27","date_gmt":"2024-01-10T06:08:27","guid":{"rendered":"https:\/\/vedruna.org\/ana-palacios-nous-devons-nous-indigner-de-lesclavage-des-enfants\/"},"modified":"2024-01-10T07:08:42","modified_gmt":"2024-01-10T06:08:42","slug":"ana-palacios-nous-devons-nous-indigner-de-lesclavage-des-enfants","status":"publish","type":"post","link":"https:\/\/vedruna.org\/fr\/ana-palacios-nous-devons-nous-indigner-de-lesclavage-des-enfants\/","title":{"rendered":"Ana Palacios : \u00ab\u00a0Nous devons nous indigner de l&rsquo;esclavage des enfants\u00a0\u00bb."},"content":{"rendered":"\n<p>La journaliste et cin\u00e9aste Ana Palacios est l&rsquo;auteur des photographies de l&rsquo;exposition \u00ab\u00a0Enfants esclaves. La puerta de atr\u00e1s\u00a0\u00bb, une exposition que l&rsquo;on peut visiter au mus\u00e9e des missions sal\u00e9siennes de Madrid (Espagne) jusqu&rsquo;au 27 mars. M. Palacios a visit\u00e9 plusieurs centres qui travaillent \u00e0 la r\u00e9cup\u00e9ration des enfants soumis \u00e0 l&rsquo;esclavage sexuel et \u00e0 l&rsquo;esclavage du travail au B\u00e9nin, au Gabon et au Togo, dont deux centres de Vedruna : les centres Kekeli et Arc en Ciel, auxquels il exprime sa \u00ab\u00a0grande confiance\u00a0\u00bb pour \u00ab\u00a0le travail qu&rsquo;ils accomplissent\u00a0\u00bb, en cr\u00e9ant des \u00ab\u00a0espaces s\u00fbrs avec tant d&rsquo;amour et d&rsquo;attention\u00a0\u00bb.<\/p>\n\n<p><strong>Vous vous d\u00e9finissez comme un \u00ab\u00a0journaliste de formation\u00a0\u00bb qui utilise la photographie \u00ab\u00a0comme outil de changement social\u00a0\u00bb. Quel changement social souhaitez-vous promouvoir avec cette exposition ?<\/strong><\/p>\n\n<p>Rendre visible une violation qui touche des millions d&rsquo;enfants et dont le premier monde ne sait pas grand-chose. Si nous ne savons pas ce qui se passe, nous ne serons pas int\u00e9ress\u00e9s ou indign\u00e9s, et il est donc difficile de vouloir changer les choses. C&rsquo;est pourquoi la premi\u00e8re \u00e9tape du changement social est de \u00ab\u00a0savoir\u00a0\u00bb. Conna\u00eetre le contexte, les motivations, les cons\u00e9quences, les histoires personnelles&#8230;  <strong><\/strong><\/p>\n\n<p><strong>De quelles dimensions du probl\u00e8me parlons-nous ?<\/strong><\/p>\n\n<p>L&rsquo;esclavage des enfants touche un enfant sur quatre en Afrique subsaharienne. Selon les chiffres de l&rsquo;Organisation internationale du travail, 23,9 % des enfants vivent sous une forme ou une autre d&rsquo;esclavage, soit le taux le plus \u00e9lev\u00e9 au monde, dans cette partie du monde.<\/p>\n\n<p>Lorsque nous pensons \u00e0 l&rsquo;esclavage des enfants, notre imagination est certainement r\u00e9duite \u00e0 la prostitution des filles en Asie, aux enfants d&rsquo;Am\u00e9rique latine qui coupent des pierres dans les carri\u00e8res ou aux enfants soldats en Afrique. Cependant, la r\u00e9alit\u00e9 est bien moins sensationnelle, mais tout aussi dramatique. La plupart de ces mineurs sont vendus par leur famille pour de petites sommes et une vague promesse d&rsquo;une vie suppos\u00e9e meilleure qui se traduit par une situation d&rsquo;assujettissement et de d\u00e9pendance. Ils peuvent finir par travailler comme domestiques (\u00ab\u00a0stagiaires\u00a0\u00bb) dans un m\u00e9nage \u00e0 revenu moyen inf\u00e9rieur, ou mendier du lever au coucher du soleil, vendre de l&rsquo;eau sur le bord de la route ou tenir un \u00e9talage mobile de l\u00e9gumes sur un march\u00e9 \u00e0 la p\u00e9riph\u00e9rie d&rsquo;une grande ville. De m\u00eame, la plupart de leurs droits fondamentaux sont \u00e9limin\u00e9s d&rsquo;un seul coup : le droit \u00e0 l&rsquo;\u00e9ducation, \u00e0 la sant\u00e9, \u00e0 grandir dans une famille, \u00e0 jouer&#8230; Et, bien s\u00fbr, ils subiront des s\u00e9vices physiques et psychologiques s&rsquo;ils ne se conforment pas aux obligations que leurs \u00ab\u00a0propri\u00e9taires\u00a0\u00bb leur assignent.<\/p>\n\n<p>J&rsquo;esp\u00e8re qu&rsquo;au moins quelques visiteurs de l&rsquo;exposition seront conscients de cette situation. Peut-\u00eatre se sentiront-ils concern\u00e9s par cette cause et, avec un peu de chance, cela les incitera \u00e0 agir.<\/p>\n\n<figure class=\"wp-block-image size-large\"><img loading=\"lazy\" decoding=\"async\" width=\"1024\" height=\"768\" src=\"https:\/\/vedruna.org\/wp-content\/uploads\/2023\/12\/30-EXPO-NINOS-ESCLAVOS.-MUSEO-MISIONES-SALESIANAS-1024x768.jpg\" alt=\"\" class=\"wp-image-7015\" srcset=\"https:\/\/vedruna.org\/wp-content\/uploads\/2023\/12\/30-EXPO-NINOS-ESCLAVOS.-MUSEO-MISIONES-SALESIANAS-980x735.jpg 980w, https:\/\/vedruna.org\/wp-content\/uploads\/2023\/12\/30-EXPO-NINOS-ESCLAVOS.-MUSEO-MISIONES-SALESIANAS-480x360.jpg 480w\" sizes=\"(min-width: 0px) and (max-width: 480px) 480px, (min-width: 481px) and (max-width: 980px) 980px, (min-width: 981px) 1024px, 100vw\" \/><\/figure>\n\n<p><strong>Avant l&rsquo;exposition \u00ab\u00a0Enfants esclaves. La puerta de atr\u00e1s\u00a0\u00bb, le livre et le documentaire du m\u00eame nom ont \u00e9t\u00e9 publi\u00e9s. Quelles sont vos r\u00e9actions ? \u00c9taient-ils ceux que vous attendiez ou aviez-vous l&rsquo;intention de les provoquer ?<\/strong><\/p>\n\n<p>Le livre, l&rsquo;exposition et le documentaire sont n\u00e9s en m\u00eame temps, en juin 2018. Mon intention a toujours \u00e9t\u00e9 de donner au projet une visibilit\u00e9 maximale, et j&rsquo;ai pens\u00e9 que si je le communiquais de trois mani\u00e8res diff\u00e9rentes, j&rsquo;aurais plus de chances d&rsquo;y parvenir. Ce n&rsquo;est pas toujours le m\u00eame public qui vient voir un documentaire au cin\u00e9ma ou sur une plateforme, que celui qui d\u00e9cide d&rsquo;acheter un livre ou qui entre dans une salle pour voir une exposition.<strong><\/strong><\/p>\n\n<p><strong>Au fait, pourquoi le nom \u00ab\u00a0la porte de derri\u00e8re\u00a0\u00bb ?<\/strong><\/p>\n\n<p>La \u00ab\u00a0porte arri\u00e8re\u00a0\u00bb fait r\u00e9f\u00e9rence \u00e0 la sortie de l&rsquo;esclavage. Il s&rsquo;agit d&rsquo;un projet qui ne parle pas de l&rsquo;esclavage des enfants comme d&rsquo;un probl\u00e8me, mais qui documente les r\u00e9ussites de certains de ces enfants qui parviennent \u00e0 sortir de cette situation traumatisante et leur processus personnel de transformation d&rsquo;un sc\u00e9nario d&rsquo;assujettissement \u00e0 un sc\u00e9nario dans lequel leurs droits seront respect\u00e9s et prot\u00e9g\u00e9s. Il s&rsquo;agit d&rsquo;une m\u00e9taphore pour expliquer qu&rsquo;il existe une \u00ab\u00a0porte d\u00e9rob\u00e9e\u00a0\u00bb que certains de ces milliers d&rsquo;enfants victimes de l&rsquo;esclavage trouvent, ouvrent et franchissent.<\/p>\n\n<figure class=\"wp-block-image size-large\"><img loading=\"lazy\" decoding=\"async\" width=\"1024\" height=\"683\" src=\"https:\/\/vedruna.org\/wp-content\/uploads\/2023\/12\/232-ISA-SALCEDO.-INAUGURACION-EXPO-NINOS-ESCLAVOS.-MUSEO-MISIONES-SALESIANAS-1024x683.jpg\" alt=\"\" class=\"wp-image-7019\" srcset=\"https:\/\/vedruna.org\/wp-content\/uploads\/2023\/12\/232-ISA-SALCEDO.-INAUGURACION-EXPO-NINOS-ESCLAVOS.-MUSEO-MISIONES-SALESIANAS-980x653.jpg 980w, https:\/\/vedruna.org\/wp-content\/uploads\/2023\/12\/232-ISA-SALCEDO.-INAUGURACION-EXPO-NINOS-ESCLAVOS.-MUSEO-MISIONES-SALESIANAS-480x320.jpg 480w\" sizes=\"(min-width: 0px) and (max-width: 480px) 480px, (min-width: 481px) and (max-width: 980px) 980px, (min-width: 981px) 1024px, 100vw\" \/><\/figure>\n\n<p><strong>Une critique fr\u00e9quente est que personne aujourd&rsquo;hui ne songerait \u00e0 publier le visage de mineurs sans toutes sortes de consentements sign\u00e9s ; avec les enfants africains, cependant, de telles pr\u00e9cautions ne sont pas si courantes. O\u00f9 se situe la limite ?<\/strong><\/p>\n\n<p>J&rsquo;ai obtenu un dipl\u00f4me en journalisme et j&rsquo;ai oubli\u00e9 presque tout ce que j&rsquo;ai \u00e9tudi\u00e9. Cependant, je me souviens de toutes les valeurs requises dans cette profession. Parmi les plus claires, qui m&rsquo;ont toujours accompagn\u00e9 dans mon d\u00e9veloppement professionnel, il y a la d\u00e9ontologie. Je ne franchirais jamais, du moins consciemment, une ligne qui blesserait ou manquerait de respect aux personnes sur lesquelles j&rsquo;\u00e9cris ou que je photographie.<\/p>\n\n<p>Avant de commencer le projet, j&rsquo;ai recherch\u00e9 les ONG qui m&rsquo;offraient des garanties \u00e9thiques et qui travaillaient \u00e0 l&rsquo;\u00e9radication des situations d&rsquo;esclavage des enfants en Afrique de l&rsquo;Ouest. J&rsquo;ai choisi les personnes avec lesquelles je voulais r\u00e9aliser le projet et j&rsquo;ai rencontr\u00e9 leurs responsables pour effectuer le travail sous leur \u00e9gide et, bien s\u00fbr, la question de la protection de l&rsquo;identit\u00e9 a \u00e9t\u00e9 abord\u00e9e. Les tuteurs l\u00e9gaux des mineurs que j&rsquo;ai document\u00e9s, dont la plupart \u00e9taient eux-m\u00eames des ONG, \u00e9taient d&rsquo;accord avec l&rsquo;approche propos\u00e9e pour documenter la question et elle s&rsquo;inscrivait dans le cadre juridique. Avant de commencer \u00e0 photographier, il a \u00e9t\u00e9 d\u00e9cid\u00e9 de changer les noms des enfants et de ne pas sp\u00e9cifier leur localisation g\u00e9ographique pr\u00e9cise afin de les prot\u00e9ger. C&rsquo;est ainsi qu&rsquo;il a \u00e9t\u00e9 proc\u00e9d\u00e9 avec la centaine d&rsquo;enfants qui apparaissent dans le projet, en utilisant toujours des images qui respectent l&rsquo;enfant et lui donnent de la dignit\u00e9.<\/p>\n\n<p><strong>Pensez-vous que des progr\u00e8s ont \u00e9t\u00e9 r\u00e9alis\u00e9s en mati\u00e8re de sensibilisation ou que la repr\u00e9sentation des enfants africains continue de tomber dans les clich\u00e9s et les attitudes welfaristes, les larmes faciles, etc.<\/strong><\/p>\n\n<p>Je dirais que les acteurs du changement (ONG, m\u00e9dias et institutions li\u00e9es \u00e0 la coop\u00e9ration et au troisi\u00e8me secteur) sont davantage conscients de la nocivit\u00e9 et de l&rsquo;injustice de cette simplification des histoires, de la perp\u00e9tuation des st\u00e9r\u00e9otypes et de la narration unique. Je pense qu&rsquo;il faut travailler davantage sur les codes de conduite qui exigent une clarification des causes, des coresponsabilit\u00e9s et des cons\u00e9quences de la communication victimaire. Mais je dirais aussi qu&rsquo;il y a encore beaucoup de travail de sensibilisation \u00e0 faire, qu&rsquo;il y a encore des ann\u00e9es avant de pouvoir briser ces sch\u00e9mas simplistes, mais tr\u00e8s efficaces, de l&rsquo;enfant nu avec une mouche dans l&rsquo;\u0153il pour raconter l&rsquo;Afrique et les activit\u00e9s men\u00e9es dans les pays appauvris.<\/p>\n\n<figure class=\"wp-block-image size-large\"><img loading=\"lazy\" decoding=\"async\" width=\"1024\" height=\"683\" src=\"https:\/\/vedruna.org\/wp-content\/uploads\/2023\/12\/173-DANIEL-SANCHEZ.-INAUGURACION-EXPO-NINOS-ESCLAVOS.-MUSEO-MISIONES-SALESIANAS-1024x683.jpg\" alt=\"\" class=\"wp-image-7023\" srcset=\"https:\/\/vedruna.org\/wp-content\/uploads\/2023\/12\/173-DANIEL-SANCHEZ.-INAUGURACION-EXPO-NINOS-ESCLAVOS.-MUSEO-MISIONES-SALESIANAS-980x653.jpg 980w, https:\/\/vedruna.org\/wp-content\/uploads\/2023\/12\/173-DANIEL-SANCHEZ.-INAUGURACION-EXPO-NINOS-ESCLAVOS.-MUSEO-MISIONES-SALESIANAS-480x320.jpg 480w\" sizes=\"(min-width: 0px) and (max-width: 480px) 480px, (min-width: 481px) and (max-width: 980px) 980px, (min-width: 981px) 1024px, 100vw\" \/><\/figure>\n\n<p>Avec Herminia \u00c1lvarez, qui repr\u00e9sentait Solive, Fundaci\u00f3n Vic et Vedruna lors de l&rsquo;inauguration de l&rsquo;exposition.  <\/p>\n\n<p><strong>Vous d\u00e9peignez la vie dans les centres sal\u00e9siens, messagers de paix et Vedruna&#8230; A propos de ces derniers, quelle impression vous ont laiss\u00e9e vos visites \u00e0 Arc en Ciel (Gabon) et \u00e0 Kekeli (Togo) ?<\/strong><\/p>\n\n<p>Ce sont des centres o\u00f9 l&rsquo;on respire beaucoup d&rsquo;amour. Le fait qu&rsquo;il s&rsquo;agisse de communaut\u00e9s de religieuses travaillant avec des mineurs donne une impression chaleureuse de soins maternels. J&rsquo;ai senti que c&rsquo;\u00e9tait un espace s\u00fbr pour eux, avec beaucoup d&rsquo;amour et d&rsquo;attention et, en m\u00eame temps, une grande responsabilit\u00e9 dans les proc\u00e9dures et les protocoles dans les processus de sensibilisation et de r\u00e9habilitation des enfants. Cette combinaison donne du s\u00e9rieux aux projets qui sont men\u00e9s dans ces centres et m&rsquo;a donn\u00e9 une grande confiance dans le travail qu&rsquo;ils accomplissent. Et je leur en suis tr\u00e8s reconnaissant, car ils m&rsquo;ont fait me sentir comme chez moi !<\/p>\n","protected":false},"excerpt":{"rendered":"<p>La journaliste et cin\u00e9aste Ana Palacios est l&rsquo;auteur des photographies de l&rsquo;exposition \u00ab\u00a0Enfants esclaves. La puerta de atr\u00e1s\u00a0\u00bb, une exposition que l&rsquo;on peut visiter au mus\u00e9e des missions sal\u00e9siennes de Madrid (Espagne) jusqu&rsquo;au 27 mars. M. Palacios a visit\u00e9 plusieurs centres qui travaillent \u00e0 la r\u00e9cup\u00e9ration des enfants soumis \u00e0 l&rsquo;esclavage sexuel et \u00e0 l&rsquo;esclavage [&hellip;]<\/p>\n","protected":false},"author":19,"featured_media":7014,"comment_status":"closed","ping_status":"closed","sticky":false,"template":"","format":"standard","meta":{"_et_pb_use_builder":"","_et_pb_old_content":"","_et_gb_content_width":"","pgc_sgb_lightbox_settings":"","footnotes":""},"categories":[314,230],"tags":[],"class_list":["post-7974","post","type-post","status-publish","format-standard","has-post-thumbnail","hentry","category-fondation-vic","category-solive-fr"],"yoast_head":"<!-- This site is optimized with the Yoast SEO plugin v27.5 - https:\/\/yoast.com\/product\/yoast-seo-wordpress\/ -->\n<title>Ana Palacios : &quot;Nous devons nous indigner de l&#039;esclavage des enfants&quot;. - Carmelitas de la Caridad Vedruna<\/title>\n<meta name=\"description\" content=\"Entretien avec Ana Palacios, photographe et r\u00e9alisatrice, auteur de l&#039;exposition &quot;Enfants esclaves. La puerta de atr\u00e1s&quot;, qui peut \u00eatre visit\u00e9e au Mus\u00e9e des missions sal\u00e9siennes de Madrid jusqu&#039;en mars 2023.\" \/>\n<meta name=\"robots\" content=\"index, follow, max-snippet:-1, max-image-preview:large, max-video-preview:-1\" \/>\n<link rel=\"canonical\" href=\"https:\/\/vedruna.org\/fr\/ana-palacios-nous-devons-nous-indigner-de-lesclavage-des-enfants\/\" \/>\n<meta property=\"og:locale\" content=\"fr_FR\" \/>\n<meta property=\"og:type\" content=\"article\" \/>\n<meta property=\"og:title\" content=\"Ana Palacios : &quot;Nous devons nous indigner de l&#039;esclavage des enfants&quot;. - Carmelitas de la Caridad Vedruna\" \/>\n<meta property=\"og:description\" content=\"Entretien avec Ana Palacios, photographe et r\u00e9alisatrice, auteur de l&#039;exposition &quot;Enfants esclaves. La puerta de atr\u00e1s&quot;, qui peut \u00eatre visit\u00e9e au Mus\u00e9e des missions sal\u00e9siennes de Madrid jusqu&#039;en mars 2023.\" \/>\n<meta property=\"og:url\" content=\"https:\/\/vedruna.org\/fr\/ana-palacios-nous-devons-nous-indigner-de-lesclavage-des-enfants\/\" \/>\n<meta property=\"og:site_name\" content=\"Carmelitas de la Caridad Vedruna\" \/>\n<meta property=\"article:published_time\" content=\"2024-01-10T06:08:27+00:00\" \/>\n<meta property=\"article:modified_time\" content=\"2024-01-10T06:08:42+00:00\" \/>\n<meta property=\"og:image\" content=\"https:\/\/vedruna.org\/wp-content\/uploads\/2023\/12\/222-DANIEL-SANCHEZ.-INAUGURACION-EXPO-NINOS-ESCLAVOS.-MUSEO-MISIONES-SALESIANAS-scaled-e1702450901395.jpg\" \/>\n\t<meta property=\"og:image:width\" content=\"2560\" \/>\n\t<meta property=\"og:image:height\" content=\"1723\" \/>\n\t<meta property=\"og:image:type\" content=\"image\/jpeg\" \/>\n<meta name=\"author\" content=\"Ricardo Benjumea\" \/>\n<meta name=\"twitter:card\" content=\"summary_large_image\" \/>\n<meta name=\"twitter:label1\" content=\"\u00c9crit par\" \/>\n\t<meta name=\"twitter:data1\" content=\"Ricardo Benjumea\" \/>\n\t<meta name=\"twitter:label2\" content=\"Dur\u00e9e de lecture estim\u00e9e\" \/>\n\t<meta name=\"twitter:data2\" content=\"7 minutes\" \/>\n<script type=\"application\/ld+json\" class=\"yoast-schema-graph\">{\"@context\":\"https:\\\/\\\/schema.org\",\"@graph\":[{\"@type\":\"Article\",\"@id\":\"https:\\\/\\\/vedruna.org\\\/fr\\\/ana-palacios-nous-devons-nous-indigner-de-lesclavage-des-enfants\\\/#article\",\"isPartOf\":{\"@id\":\"https:\\\/\\\/vedruna.org\\\/fr\\\/ana-palacios-nous-devons-nous-indigner-de-lesclavage-des-enfants\\\/\"},\"author\":{\"name\":\"Ricardo Benjumea\",\"@id\":\"https:\\\/\\\/vedruna.org\\\/fr\\\/#\\\/schema\\\/person\\\/ce27b3a623ee7463451959870b4e509f\"},\"headline\":\"Ana Palacios : \u00ab\u00a0Nous devons nous indigner de l&rsquo;esclavage des enfants\u00a0\u00bb.\",\"datePublished\":\"2024-01-10T06:08:27+00:00\",\"dateModified\":\"2024-01-10T06:08:42+00:00\",\"mainEntityOfPage\":{\"@id\":\"https:\\\/\\\/vedruna.org\\\/fr\\\/ana-palacios-nous-devons-nous-indigner-de-lesclavage-des-enfants\\\/\"},\"wordCount\":1402,\"publisher\":{\"@id\":\"https:\\\/\\\/vedruna.org\\\/fr\\\/#organization\"},\"image\":{\"@id\":\"https:\\\/\\\/vedruna.org\\\/fr\\\/ana-palacios-nous-devons-nous-indigner-de-lesclavage-des-enfants\\\/#primaryimage\"},\"thumbnailUrl\":\"https:\\\/\\\/vedruna.org\\\/wp-content\\\/uploads\\\/2023\\\/12\\\/222-DANIEL-SANCHEZ.-INAUGURACION-EXPO-NINOS-ESCLAVOS.-MUSEO-MISIONES-SALESIANAS-scaled-e1702450901395.jpg\",\"articleSection\":[\"Fondation Vic\",\"SOLIVE\"],\"inLanguage\":\"fr-FR\"},{\"@type\":\"WebPage\",\"@id\":\"https:\\\/\\\/vedruna.org\\\/fr\\\/ana-palacios-nous-devons-nous-indigner-de-lesclavage-des-enfants\\\/\",\"url\":\"https:\\\/\\\/vedruna.org\\\/fr\\\/ana-palacios-nous-devons-nous-indigner-de-lesclavage-des-enfants\\\/\",\"name\":\"Ana Palacios : \\\"Nous devons nous indigner de l'esclavage des enfants\\\". - Carmelitas de la Caridad Vedruna\",\"isPartOf\":{\"@id\":\"https:\\\/\\\/vedruna.org\\\/fr\\\/#website\"},\"primaryImageOfPage\":{\"@id\":\"https:\\\/\\\/vedruna.org\\\/fr\\\/ana-palacios-nous-devons-nous-indigner-de-lesclavage-des-enfants\\\/#primaryimage\"},\"image\":{\"@id\":\"https:\\\/\\\/vedruna.org\\\/fr\\\/ana-palacios-nous-devons-nous-indigner-de-lesclavage-des-enfants\\\/#primaryimage\"},\"thumbnailUrl\":\"https:\\\/\\\/vedruna.org\\\/wp-content\\\/uploads\\\/2023\\\/12\\\/222-DANIEL-SANCHEZ.-INAUGURACION-EXPO-NINOS-ESCLAVOS.-MUSEO-MISIONES-SALESIANAS-scaled-e1702450901395.jpg\",\"datePublished\":\"2024-01-10T06:08:27+00:00\",\"dateModified\":\"2024-01-10T06:08:42+00:00\",\"description\":\"Entretien avec Ana Palacios, photographe et r\u00e9alisatrice, auteur de l'exposition \\\"Enfants esclaves. La puerta de atr\u00e1s\\\", qui peut \u00eatre visit\u00e9e au Mus\u00e9e des missions sal\u00e9siennes de Madrid jusqu'en mars 2023.\",\"breadcrumb\":{\"@id\":\"https:\\\/\\\/vedruna.org\\\/fr\\\/ana-palacios-nous-devons-nous-indigner-de-lesclavage-des-enfants\\\/#breadcrumb\"},\"inLanguage\":\"fr-FR\",\"potentialAction\":[{\"@type\":\"ReadAction\",\"target\":[\"https:\\\/\\\/vedruna.org\\\/fr\\\/ana-palacios-nous-devons-nous-indigner-de-lesclavage-des-enfants\\\/\"]}]},{\"@type\":\"ImageObject\",\"inLanguage\":\"fr-FR\",\"@id\":\"https:\\\/\\\/vedruna.org\\\/fr\\\/ana-palacios-nous-devons-nous-indigner-de-lesclavage-des-enfants\\\/#primaryimage\",\"url\":\"https:\\\/\\\/vedruna.org\\\/wp-content\\\/uploads\\\/2023\\\/12\\\/222-DANIEL-SANCHEZ.-INAUGURACION-EXPO-NINOS-ESCLAVOS.-MUSEO-MISIONES-SALESIANAS-scaled-e1702450901395.jpg\",\"contentUrl\":\"https:\\\/\\\/vedruna.org\\\/wp-content\\\/uploads\\\/2023\\\/12\\\/222-DANIEL-SANCHEZ.-INAUGURACION-EXPO-NINOS-ESCLAVOS.-MUSEO-MISIONES-SALESIANAS-scaled-e1702450901395.jpg\",\"width\":2560,\"height\":1723},{\"@type\":\"BreadcrumbList\",\"@id\":\"https:\\\/\\\/vedruna.org\\\/fr\\\/ana-palacios-nous-devons-nous-indigner-de-lesclavage-des-enfants\\\/#breadcrumb\",\"itemListElement\":[{\"@type\":\"ListItem\",\"position\":1,\"name\":\"Portada\",\"item\":\"https:\\\/\\\/vedruna.org\\\/fr\\\/\"},{\"@type\":\"ListItem\",\"position\":2,\"name\":\"Ana Palacios : &#8220;Nous devons nous indigner de l&#8217;esclavage des enfants&#8221;.\"}]},{\"@type\":\"WebSite\",\"@id\":\"https:\\\/\\\/vedruna.org\\\/fr\\\/#website\",\"url\":\"https:\\\/\\\/vedruna.org\\\/fr\\\/\",\"name\":\"Carmelitas de la Caridad Vedruna\",\"description\":\"Carmelitas de la caridad\",\"publisher\":{\"@id\":\"https:\\\/\\\/vedruna.org\\\/fr\\\/#organization\"},\"potentialAction\":[{\"@type\":\"SearchAction\",\"target\":{\"@type\":\"EntryPoint\",\"urlTemplate\":\"https:\\\/\\\/vedruna.org\\\/fr\\\/?s={search_term_string}\"},\"query-input\":{\"@type\":\"PropertyValueSpecification\",\"valueRequired\":true,\"valueName\":\"search_term_string\"}}],\"inLanguage\":\"fr-FR\"},{\"@type\":\"Organization\",\"@id\":\"https:\\\/\\\/vedruna.org\\\/fr\\\/#organization\",\"name\":\"Carmelitas de la caridad Vedruna\",\"url\":\"https:\\\/\\\/vedruna.org\\\/fr\\\/\",\"logo\":{\"@type\":\"ImageObject\",\"inLanguage\":\"fr-FR\",\"@id\":\"https:\\\/\\\/vedruna.org\\\/fr\\\/#\\\/schema\\\/logo\\\/image\\\/\",\"url\":\"https:\\\/\\\/vedruna.org\\\/wp-content\\\/uploads\\\/2022\\\/04\\\/LOGO-VEDRUNA-HORIZONTAL.png\",\"contentUrl\":\"https:\\\/\\\/vedruna.org\\\/wp-content\\\/uploads\\\/2022\\\/04\\\/LOGO-VEDRUNA-HORIZONTAL.png\",\"width\":1200,\"height\":463,\"caption\":\"Carmelitas de la caridad Vedruna\"},\"image\":{\"@id\":\"https:\\\/\\\/vedruna.org\\\/fr\\\/#\\\/schema\\\/logo\\\/image\\\/\"}},{\"@type\":\"Person\",\"@id\":\"https:\\\/\\\/vedruna.org\\\/fr\\\/#\\\/schema\\\/person\\\/ce27b3a623ee7463451959870b4e509f\",\"name\":\"Ricardo Benjumea\",\"image\":{\"@type\":\"ImageObject\",\"inLanguage\":\"fr-FR\",\"@id\":\"https:\\\/\\\/secure.gravatar.com\\\/avatar\\\/fd52dd207ade52a2d22a331a6f9f53237aee43eb267161478cf9c5d6a5c87def?s=96&d=mm&r=g\",\"url\":\"https:\\\/\\\/secure.gravatar.com\\\/avatar\\\/fd52dd207ade52a2d22a331a6f9f53237aee43eb267161478cf9c5d6a5c87def?s=96&d=mm&r=g\",\"contentUrl\":\"https:\\\/\\\/secure.gravatar.com\\\/avatar\\\/fd52dd207ade52a2d22a331a6f9f53237aee43eb267161478cf9c5d6a5c87def?s=96&d=mm&r=g\",\"caption\":\"Ricardo Benjumea\"},\"url\":\"https:\\\/\\\/vedruna.org\\\/fr\\\/author\\\/ricardo-benjumea\\\/\"}]}<\/script>\n<!-- \/ Yoast SEO plugin. -->","yoast_head_json":{"title":"Ana Palacios : \"Nous devons nous indigner de l'esclavage des enfants\". - Carmelitas de la Caridad Vedruna","description":"Entretien avec Ana Palacios, photographe et r\u00e9alisatrice, auteur de l'exposition \"Enfants esclaves. La puerta de atr\u00e1s\", qui peut \u00eatre visit\u00e9e au Mus\u00e9e des missions sal\u00e9siennes de Madrid jusqu'en mars 2023.","robots":{"index":"index","follow":"follow","max-snippet":"max-snippet:-1","max-image-preview":"max-image-preview:large","max-video-preview":"max-video-preview:-1"},"canonical":"https:\/\/vedruna.org\/fr\/ana-palacios-nous-devons-nous-indigner-de-lesclavage-des-enfants\/","og_locale":"fr_FR","og_type":"article","og_title":"Ana Palacios : \"Nous devons nous indigner de l'esclavage des enfants\". - Carmelitas de la Caridad Vedruna","og_description":"Entretien avec Ana Palacios, photographe et r\u00e9alisatrice, auteur de l'exposition \"Enfants esclaves. La puerta de atr\u00e1s\", qui peut \u00eatre visit\u00e9e au Mus\u00e9e des missions sal\u00e9siennes de Madrid jusqu'en mars 2023.","og_url":"https:\/\/vedruna.org\/fr\/ana-palacios-nous-devons-nous-indigner-de-lesclavage-des-enfants\/","og_site_name":"Carmelitas de la Caridad Vedruna","article_published_time":"2024-01-10T06:08:27+00:00","article_modified_time":"2024-01-10T06:08:42+00:00","og_image":[{"width":2560,"height":1723,"url":"https:\/\/vedruna.org\/wp-content\/uploads\/2023\/12\/222-DANIEL-SANCHEZ.-INAUGURACION-EXPO-NINOS-ESCLAVOS.-MUSEO-MISIONES-SALESIANAS-scaled-e1702450901395.jpg","type":"image\/jpeg"}],"author":"Ricardo Benjumea","twitter_card":"summary_large_image","twitter_misc":{"\u00c9crit par":"Ricardo Benjumea","Dur\u00e9e de lecture estim\u00e9e":"7 minutes"},"schema":{"@context":"https:\/\/schema.org","@graph":[{"@type":"Article","@id":"https:\/\/vedruna.org\/fr\/ana-palacios-nous-devons-nous-indigner-de-lesclavage-des-enfants\/#article","isPartOf":{"@id":"https:\/\/vedruna.org\/fr\/ana-palacios-nous-devons-nous-indigner-de-lesclavage-des-enfants\/"},"author":{"name":"Ricardo Benjumea","@id":"https:\/\/vedruna.org\/fr\/#\/schema\/person\/ce27b3a623ee7463451959870b4e509f"},"headline":"Ana Palacios : \u00ab\u00a0Nous devons nous indigner de l&rsquo;esclavage des enfants\u00a0\u00bb.","datePublished":"2024-01-10T06:08:27+00:00","dateModified":"2024-01-10T06:08:42+00:00","mainEntityOfPage":{"@id":"https:\/\/vedruna.org\/fr\/ana-palacios-nous-devons-nous-indigner-de-lesclavage-des-enfants\/"},"wordCount":1402,"publisher":{"@id":"https:\/\/vedruna.org\/fr\/#organization"},"image":{"@id":"https:\/\/vedruna.org\/fr\/ana-palacios-nous-devons-nous-indigner-de-lesclavage-des-enfants\/#primaryimage"},"thumbnailUrl":"https:\/\/vedruna.org\/wp-content\/uploads\/2023\/12\/222-DANIEL-SANCHEZ.-INAUGURACION-EXPO-NINOS-ESCLAVOS.-MUSEO-MISIONES-SALESIANAS-scaled-e1702450901395.jpg","articleSection":["Fondation Vic","SOLIVE"],"inLanguage":"fr-FR"},{"@type":"WebPage","@id":"https:\/\/vedruna.org\/fr\/ana-palacios-nous-devons-nous-indigner-de-lesclavage-des-enfants\/","url":"https:\/\/vedruna.org\/fr\/ana-palacios-nous-devons-nous-indigner-de-lesclavage-des-enfants\/","name":"Ana Palacios : \"Nous devons nous indigner de l'esclavage des enfants\". - Carmelitas de la Caridad Vedruna","isPartOf":{"@id":"https:\/\/vedruna.org\/fr\/#website"},"primaryImageOfPage":{"@id":"https:\/\/vedruna.org\/fr\/ana-palacios-nous-devons-nous-indigner-de-lesclavage-des-enfants\/#primaryimage"},"image":{"@id":"https:\/\/vedruna.org\/fr\/ana-palacios-nous-devons-nous-indigner-de-lesclavage-des-enfants\/#primaryimage"},"thumbnailUrl":"https:\/\/vedruna.org\/wp-content\/uploads\/2023\/12\/222-DANIEL-SANCHEZ.-INAUGURACION-EXPO-NINOS-ESCLAVOS.-MUSEO-MISIONES-SALESIANAS-scaled-e1702450901395.jpg","datePublished":"2024-01-10T06:08:27+00:00","dateModified":"2024-01-10T06:08:42+00:00","description":"Entretien avec Ana Palacios, photographe et r\u00e9alisatrice, auteur de l'exposition \"Enfants esclaves. La puerta de atr\u00e1s\", qui peut \u00eatre visit\u00e9e au Mus\u00e9e des missions sal\u00e9siennes de Madrid jusqu'en mars 2023.","breadcrumb":{"@id":"https:\/\/vedruna.org\/fr\/ana-palacios-nous-devons-nous-indigner-de-lesclavage-des-enfants\/#breadcrumb"},"inLanguage":"fr-FR","potentialAction":[{"@type":"ReadAction","target":["https:\/\/vedruna.org\/fr\/ana-palacios-nous-devons-nous-indigner-de-lesclavage-des-enfants\/"]}]},{"@type":"ImageObject","inLanguage":"fr-FR","@id":"https:\/\/vedruna.org\/fr\/ana-palacios-nous-devons-nous-indigner-de-lesclavage-des-enfants\/#primaryimage","url":"https:\/\/vedruna.org\/wp-content\/uploads\/2023\/12\/222-DANIEL-SANCHEZ.-INAUGURACION-EXPO-NINOS-ESCLAVOS.-MUSEO-MISIONES-SALESIANAS-scaled-e1702450901395.jpg","contentUrl":"https:\/\/vedruna.org\/wp-content\/uploads\/2023\/12\/222-DANIEL-SANCHEZ.-INAUGURACION-EXPO-NINOS-ESCLAVOS.-MUSEO-MISIONES-SALESIANAS-scaled-e1702450901395.jpg","width":2560,"height":1723},{"@type":"BreadcrumbList","@id":"https:\/\/vedruna.org\/fr\/ana-palacios-nous-devons-nous-indigner-de-lesclavage-des-enfants\/#breadcrumb","itemListElement":[{"@type":"ListItem","position":1,"name":"Portada","item":"https:\/\/vedruna.org\/fr\/"},{"@type":"ListItem","position":2,"name":"Ana Palacios : &#8220;Nous devons nous indigner de l&#8217;esclavage des enfants&#8221;."}]},{"@type":"WebSite","@id":"https:\/\/vedruna.org\/fr\/#website","url":"https:\/\/vedruna.org\/fr\/","name":"Carmelitas de la Caridad Vedruna","description":"Carmelitas de la caridad","publisher":{"@id":"https:\/\/vedruna.org\/fr\/#organization"},"potentialAction":[{"@type":"SearchAction","target":{"@type":"EntryPoint","urlTemplate":"https:\/\/vedruna.org\/fr\/?s={search_term_string}"},"query-input":{"@type":"PropertyValueSpecification","valueRequired":true,"valueName":"search_term_string"}}],"inLanguage":"fr-FR"},{"@type":"Organization","@id":"https:\/\/vedruna.org\/fr\/#organization","name":"Carmelitas de la caridad Vedruna","url":"https:\/\/vedruna.org\/fr\/","logo":{"@type":"ImageObject","inLanguage":"fr-FR","@id":"https:\/\/vedruna.org\/fr\/#\/schema\/logo\/image\/","url":"https:\/\/vedruna.org\/wp-content\/uploads\/2022\/04\/LOGO-VEDRUNA-HORIZONTAL.png","contentUrl":"https:\/\/vedruna.org\/wp-content\/uploads\/2022\/04\/LOGO-VEDRUNA-HORIZONTAL.png","width":1200,"height":463,"caption":"Carmelitas de la caridad Vedruna"},"image":{"@id":"https:\/\/vedruna.org\/fr\/#\/schema\/logo\/image\/"}},{"@type":"Person","@id":"https:\/\/vedruna.org\/fr\/#\/schema\/person\/ce27b3a623ee7463451959870b4e509f","name":"Ricardo Benjumea","image":{"@type":"ImageObject","inLanguage":"fr-FR","@id":"https:\/\/secure.gravatar.com\/avatar\/fd52dd207ade52a2d22a331a6f9f53237aee43eb267161478cf9c5d6a5c87def?s=96&d=mm&r=g","url":"https:\/\/secure.gravatar.com\/avatar\/fd52dd207ade52a2d22a331a6f9f53237aee43eb267161478cf9c5d6a5c87def?s=96&d=mm&r=g","contentUrl":"https:\/\/secure.gravatar.com\/avatar\/fd52dd207ade52a2d22a331a6f9f53237aee43eb267161478cf9c5d6a5c87def?s=96&d=mm&r=g","caption":"Ricardo Benjumea"},"url":"https:\/\/vedruna.org\/fr\/author\/ricardo-benjumea\/"}]}},"_links":{"self":[{"href":"https:\/\/vedruna.org\/fr\/wp-json\/wp\/v2\/posts\/7974","targetHints":{"allow":["GET"]}}],"collection":[{"href":"https:\/\/vedruna.org\/fr\/wp-json\/wp\/v2\/posts"}],"about":[{"href":"https:\/\/vedruna.org\/fr\/wp-json\/wp\/v2\/types\/post"}],"author":[{"embeddable":true,"href":"https:\/\/vedruna.org\/fr\/wp-json\/wp\/v2\/users\/19"}],"replies":[{"embeddable":true,"href":"https:\/\/vedruna.org\/fr\/wp-json\/wp\/v2\/comments?post=7974"}],"version-history":[{"count":3,"href":"https:\/\/vedruna.org\/fr\/wp-json\/wp\/v2\/posts\/7974\/revisions"}],"predecessor-version":[{"id":7980,"href":"https:\/\/vedruna.org\/fr\/wp-json\/wp\/v2\/posts\/7974\/revisions\/7980"}],"wp:featuredmedia":[{"embeddable":true,"href":"https:\/\/vedruna.org\/fr\/wp-json\/wp\/v2\/media\/7014"}],"wp:attachment":[{"href":"https:\/\/vedruna.org\/fr\/wp-json\/wp\/v2\/media?parent=7974"}],"wp:term":[{"taxonomy":"category","embeddable":true,"href":"https:\/\/vedruna.org\/fr\/wp-json\/wp\/v2\/categories?post=7974"},{"taxonomy":"post_tag","embeddable":true,"href":"https:\/\/vedruna.org\/fr\/wp-json\/wp\/v2\/tags?post=7974"}],"curies":[{"name":"wp","href":"https:\/\/api.w.org\/{rel}","templated":true}]}}